{"id":250119,"date":"2022-07-04T09:01:02","date_gmt":"2022-07-04T12:01:02","guid":{"rendered":"https:\/\/www.caririemacao.com\/1\/?p=250119"},"modified":"2022-07-04T09:01:02","modified_gmt":"2022-07-04T12:01:02","slug":"aviao-com-600-quilos-de-pasta-base-de-cocaina-e-interceptado-pela-fab-na-regiao-de-jales","status":"publish","type":"post","link":"https:\/\/www.caririemacao.com\/1\/2022\/07\/04\/aviao-com-600-quilos-de-pasta-base-de-cocaina-e-interceptado-pela-fab-na-regiao-de-jales\/","title":{"rendered":"Avi\u00e3o com 600 quilos de pasta base de coca\u00edna \u00e9 interceptado pela FAB na regi\u00e3o de Jales"},"content":{"rendered":"<p>Uma aeronave com mais de 600 quilos de pasta base de coca\u00edna foi interceptada neste domingo (3) pela For\u00e7a A\u00e9rea Brasileira (FAB) na regi\u00e3o de Jales (SP).<\/p>\n<p>Informa\u00e7\u00f5es da FAB dizem que a aeronave foi interceptada ainda no estado do Mato Grosso do Sul, mas a ocorr\u00eancia terminou em Pontalinda (SP).<\/p>\n<p>Os pilotos da For\u00e7a A\u00e9rea seguiram os protocolos e interrogaram o piloto da aeronave suspeita. Ele n\u00e3o respondeu. Foi dada ent\u00e3o a ordem de descida em um aer\u00f3dromo que tamb\u00e9m n\u00e3o foi obedecida pelo piloto.<\/p>\n<figure><img decoding=\"async\" src=\"https:\/\/www.clickpb.com.br\/media\/filer_public\/ee\/23\/ee23d05c-0c36-4b5f-be4d-f9c12b932fa2\/image-2022-07-03t152547932.webp\" data-image=\"192515\" \/><\/figure>\n<p><em>Droga apreendida em avi\u00e3o interceptado pela For\u00e7a A\u00e9rea Brasileira (FAB) \u2014 Foto: Pol\u00edcia Federal de Jales<\/em><\/p>\n<p>A FAB ent\u00e3o disparou um tiro de aviso que tamb\u00e9m foi ignorado. A aeronave foi considerada hostil e foi dado um tiro de deten\u00e7\u00e3o.<\/p>\n<p>A aeronave n\u00e3o tinha plano de voo e teria invadido o espa\u00e7o a\u00e9reo brasileiro pelo estado do Mato Grosso do Sul, fazendo pouso for\u00e7ado j\u00e1 no estado de S\u00e3o Paulo. A Pol\u00edcia Federal de Jales (SP) assumiu a ocorr\u00eancia logo ap\u00f3s o pouso.<\/p>\n<p>Duas pessoas que estavam no avi\u00e3o fugiram e abandonaram a droga que foi apreendida e levada para a sede da Pol\u00edcia Federal em Jales.<\/p>\n<p>G1<\/p>\n","protected":false},"excerpt":{"rendered":"<p>Uma aeronave com mais de 600 quilos de pasta base de coca\u00edna foi interceptada neste domingo (3) pela For\u00e7a A\u00e9rea Brasileira (FAB) na regi\u00e3o de Jales (SP). Informa\u00e7\u00f5es da FAB dizem que a aeronave foi interceptada ainda no estado do Mato Grosso do Sul, mas a ocorr\u00eancia terminou em Pontalinda (SP). Os pilotos da For\u00e7a A\u00e9rea seguiram os protocolos e interrogaram o piloto da aeronave suspeita. Ele n\u00e3o respondeu. Foi dada ent\u00e3o a ordem de descida em um aer\u00f3dromo que tamb\u00e9m n\u00e3o foi obedecida pelo piloto. Droga apreendida em avi\u00e3o interceptado pela For\u00e7a A\u00e9rea Brasileira (FAB) \u2014 Foto: Pol\u00edcia Federal de Jales A FAB ent\u00e3o disparou um tiro de aviso que tamb\u00e9m foi ignorado. A aeronave foi considerada hostil e foi dado um tiro de deten\u00e7\u00e3o. A aeronave n\u00e3o tinha plano de voo e teria invadido o espa\u00e7o a\u00e9reo brasileiro pelo estado do Mato Grosso do Sul, fazendo pouso for\u00e7ado j\u00e1 no estado de S\u00e3o Paulo. A Pol\u00edcia Federal de Jales (SP) assumiu a ocorr\u00eancia logo ap\u00f3s o pouso. Duas pessoas que estavam no avi\u00e3o fugiram e abandonaram a droga que foi apreendida e levada para a sede da Pol\u00edcia Federal em Jales. G1<\/p>\n","protected":false},"author":6,"featured_media":250120,"comment_status":"closed","ping_status":"closed","sticky":false,"template":"","format":"standard","meta":{"sfsi_plus_gutenberg_text_before_share":"","sfsi_plus_gutenberg_show_text_before_share":"","sfsi_plus_gutenberg_icon_type":"","sfsi_plus_gutenberg_icon_alignemt":"","sfsi_plus_gutenburg_max_per_row":"","footnotes":""},"categories":[123,12],"tags":[],"class_list":["post-250119","post","type-post","status-publish","format-standard","has-post-thumbnail","hentry","category-brasil","category-policia"],"_links":{"self":[{"href":"https:\/\/www.caririemacao.com\/1\/wp-json\/wp\/v2\/posts\/250119","targetHints":{"allow":["GET"]}}],"collection":[{"href":"https:\/\/www.caririemacao.com\/1\/wp-json\/wp\/v2\/posts"}],"about":[{"href":"https:\/\/www.caririemacao.com\/1\/wp-json\/wp\/v2\/types\/post"}],"author":[{"embeddable":true,"href":"https:\/\/www.caririemacao.com\/1\/wp-json\/wp\/v2\/users\/6"}],"replies":[{"embeddable":true,"href":"https:\/\/www.caririemacao.com\/1\/wp-json\/wp\/v2\/comments?post=250119"}],"version-history":[{"count":1,"href":"https:\/\/www.caririemacao.com\/1\/wp-json\/wp\/v2\/posts\/250119\/revisions"}],"predecessor-version":[{"id":250121,"href":"https:\/\/www.caririemacao.com\/1\/wp-json\/wp\/v2\/posts\/250119\/revisions\/250121"}],"wp:featuredmedia":[{"embeddable":true,"href":"https:\/\/www.caririemacao.com\/1\/wp-json\/wp\/v2\/media\/250120"}],"wp:attachment":[{"href":"https:\/\/www.caririemacao.com\/1\/wp-json\/wp\/v2\/media?parent=250119"}],"wp:term":[{"taxonomy":"category","embeddable":true,"href":"https:\/\/www.caririemacao.com\/1\/wp-json\/wp\/v2\/categories?post=250119"},{"taxonomy":"post_tag","embeddable":true,"href":"https:\/\/www.caririemacao.com\/1\/wp-json\/wp\/v2\/tags?post=250119"}],"curies":[{"name":"wp","href":"https:\/\/api.w.org\/{rel}","templated":true}]}}