{"id":25051,"date":"2017-08-01T11:13:31","date_gmt":"2017-08-01T14:13:31","guid":{"rendered":"http:\/\/caririemacao.com\/1\/?p=25051"},"modified":"2017-08-01T11:13:31","modified_gmt":"2017-08-01T14:13:31","slug":"caps-centro-de-atencao-psicossocial-presenteia-usuarios-com-biblioteca","status":"publish","type":"post","link":"https:\/\/www.caririemacao.com\/1\/2017\/08\/01\/caps-centro-de-atencao-psicossocial-presenteia-usuarios-com-biblioteca\/","title":{"rendered":"CAPS- Centro de Aten\u00e7\u00e3o Psicossocial presenteia usu\u00e1rios com biblioteca"},"content":{"rendered":"<p>Aconteceu na manh\u00e3 desta segunda-feira, 31, a inaugura\u00e7\u00e3o da Biblioteca idealizada para o atendimento exclusivos dos pacientes atendidos pelo CAPS I \u2013 Centro de Aten\u00e7\u00e3o Psicossocial.<\/p>\n<p>Em uma bela homenagem, a aconchegante biblioteca recebeu o nome da ex secret\u00e1ria de Sa\u00fade do munic\u00edpio Adalgisa Gadelha, por todo o empenho e dedica\u00e7\u00e3o para com os monteirenses, mais em especial pela sua aten\u00e7\u00e3o ao CAPS I.<\/p>\n<p>Durante a cerim\u00f4nia estiveram presentes autoridades ligadas a \u00e1rea da sa\u00fade e educa\u00e7\u00e3o, os pr\u00f3prios pacientes e a prefeita Anna Lorena, que em seu discurso ressaltou todo o cuidado e carinho que Adalgisa sempre teve com os pacientes e completou: \u201cO CAPS foi a menina dos olhos de Adalgisa, ela que tanto lutou para que hoje nosso atendimento pudesse chegar a este patamar, e nada mais expressivo que esta conquista leve o seu nome e seja mais uma forma de termos sua lembran\u00e7a por perto\u201d.<\/p>\n<p>A secret\u00e1ria executiva de Sa\u00fade, Vivianne Ferreira pontuou o investimento feito pela Prefeitura, o que vem melhorando cada dia mais o atendimento e o bem estar dos pacientes do CAPS e de todas as outras \u00e1reas da sa\u00fade.<\/p>\n<p>J\u00e1 a coordenadora do CAPS Kaline Torres, agradeceu em nome dos cerca de 400 usu\u00e1rios \u00e0 prefeita pela dedica\u00e7\u00e3o e esfor\u00e7o em sempre atender e valorizar tanto funcion\u00e1rios quanto aos pacientes.<\/p>\n<p><strong>CARIRI EM A\u00c7\u00c3O<\/strong><\/p>\n<p><em>Com Ascom\/Foto: Reprodu\u00e7\u00e3o\u00a0<\/em><\/p>\n<p><strong>Leia mais not\u00edcias em\u00a0<\/strong><a href=\"http:\/\/www.caririemacao.com\/\"><strong>caririemacao.com<\/strong><\/a><strong>, siga nossa p\u00e1gina no\u00a0<\/strong><a href=\"https:\/\/www.facebook.com\/CaririEmAcao\/?ref=aymt_homepage_panel\"><strong>Facebook<\/strong><\/a>,<strong>\u00a0<a href=\"https:\/\/www.instagram.com\/cariri_em_acao\/?hl=pt-br\">Instagram<\/a>\u00a0e <\/strong><a href=\"https:\/\/www.youtube.com\/channel\/UCAptA0jQuYQy8vMhLt2m4qg\"><strong>Youtube<\/strong><\/a><strong>\u00a0e veja nossas mat\u00e9rias, v\u00eddeos e fotos. Voc\u00ea tamb\u00e9m pode enviar informa\u00e7\u00f5es \u00e0 Reda\u00e7\u00e3o do Portal Cariri em A\u00e7\u00e3o pelo WhatsApp (83) 9 9634.5791, (83) 9 9601-1162.<\/strong><\/p>\n","protected":false},"excerpt":{"rendered":"<p>Aconteceu na manh\u00e3 desta segunda-feira, 31, a inaugura\u00e7\u00e3o da Biblioteca idealizada para o atendimento exclusivos dos pacientes atendidos pelo CAPS I \u2013 Centro de Aten\u00e7\u00e3o&hellip; <\/p>\n","protected":false},"author":2,"featured_media":25052,"comment_status":"closed","ping_status":"closed","sticky":false,"template":"","format":"standard","meta":{"sfsi_plus_gutenberg_text_before_share":"","sfsi_plus_gutenberg_show_text_before_share":"","sfsi_plus_gutenberg_icon_type":"","sfsi_plus_gutenberg_icon_alignemt":"","sfsi_plus_gutenburg_max_per_row":"","footnotes":""},"categories":[6],"tags":[],"class_list":["post-25051","post","type-post","status-publish","format-standard","has-post-thumbnail","hentry","category-cidades"],"_links":{"self":[{"href":"https:\/\/www.caririemacao.com\/1\/wp-json\/wp\/v2\/posts\/25051","targetHints":{"allow":["GET"]}}],"collection":[{"href":"https:\/\/www.caririemacao.com\/1\/wp-json\/wp\/v2\/posts"}],"about":[{"href":"https:\/\/www.caririemacao.com\/1\/wp-json\/wp\/v2\/types\/post"}],"author":[{"embeddable":true,"href":"https:\/\/www.caririemacao.com\/1\/wp-json\/wp\/v2\/users\/2"}],"replies":[{"embeddable":true,"href":"https:\/\/www.caririemacao.com\/1\/wp-json\/wp\/v2\/comments?post=25051"}],"version-history":[{"count":0,"href":"https:\/\/www.caririemacao.com\/1\/wp-json\/wp\/v2\/posts\/25051\/revisions"}],"wp:featuredmedia":[{"embeddable":true,"href":"https:\/\/www.caririemacao.com\/1\/wp-json\/wp\/v2\/media\/25052"}],"wp:attachment":[{"href":"https:\/\/www.caririemacao.com\/1\/wp-json\/wp\/v2\/media?parent=25051"}],"wp:term":[{"taxonomy":"category","embeddable":true,"href":"https:\/\/www.caririemacao.com\/1\/wp-json\/wp\/v2\/categories?post=25051"},{"taxonomy":"post_tag","embeddable":true,"href":"https:\/\/www.caririemacao.com\/1\/wp-json\/wp\/v2\/tags?post=25051"}],"curies":[{"name":"wp","href":"https:\/\/api.w.org\/{rel}","templated":true}]}}