{"id":25054,"date":"2017-08-01T11:20:58","date_gmt":"2017-08-01T14:20:58","guid":{"rendered":"http:\/\/caririemacao.com\/1\/?p=25054"},"modified":"2017-08-01T11:20:58","modified_gmt":"2017-08-01T14:20:58","slug":"camalau-tera-grupo-para-atividades-fisicas","status":"publish","type":"post","link":"https:\/\/www.caririemacao.com\/1\/2017\/08\/01\/camalau-tera-grupo-para-atividades-fisicas\/","title":{"rendered":"Camala\u00fa ter\u00e1 grupo para atividades f\u00edsicas"},"content":{"rendered":"<div class=\"contentPost\">\n<p>O Prefeitura Municipal de Camala\u00fa, atrav\u00e9s da secret\u00e1ria de sa\u00fade, convida a todas as pessoas interessadas em participar do grupo de atividades f\u00edsicas, a se fazerem presentes no Centro de Educa\u00e7\u00e3o e Cultura (antigo clube) no dia 02 de agosto, quarta-feira, \u00e0s 19h para realizarem sua inscri\u00e7\u00e3o.<\/p>\n<p>As atividades acontecer\u00e3o duas vezes por semana no mesmo espa\u00e7o onde acontecem as inscri\u00e7\u00f5es.<\/p>\n<p>A iniciativa visa trazer uma qualidade de vida melhor para todos os camalauenses assim como tamb\u00e9m incentivar a pr\u00e1tica de atividades que s\u00e3o ben\u00e9ficas \u00e0 sa\u00fade dos camalauenses.<\/p>\n<p><strong>CARIRI EM A\u00c7\u00c3O<\/strong><\/p>\n<p><em>Com DCS\/Foto: Google<\/em><\/p>\n<p><strong>Leia mais not\u00edcias em\u00a0<\/strong><a href=\"http:\/\/www.caririemacao.com\/\"><strong>caririemacao.com<\/strong><\/a><strong>, siga nossa p\u00e1gina no\u00a0<\/strong><a href=\"https:\/\/www.facebook.com\/CaririEmAcao\/?ref=aymt_homepage_panel\"><strong>Facebook<\/strong><\/a>,<strong>\u00a0<a href=\"https:\/\/www.instagram.com\/cariri_em_acao\/?hl=pt-br\">Instagram<\/a>\u00a0e <\/strong><a href=\"https:\/\/www.youtube.com\/channel\/UCAptA0jQuYQy8vMhLt2m4qg\"><strong>Youtube<\/strong><\/a><strong>\u00a0e veja nossas mat\u00e9rias, v\u00eddeos e fotos. Voc\u00ea tamb\u00e9m pode enviar informa\u00e7\u00f5es \u00e0 Reda\u00e7\u00e3o do Portal Cariri em A\u00e7\u00e3o pelo WhatsApp (83) 9 9634.5791, (83) 9 9601-1162.<\/strong><\/p>\n<\/div>\n","protected":false},"excerpt":{"rendered":"<p>O Prefeitura Municipal de Camala\u00fa, atrav\u00e9s da secret\u00e1ria de sa\u00fade, convida a todas as pessoas interessadas em participar do grupo de atividades f\u00edsicas, a se&hellip; <\/p>\n","protected":false},"author":2,"featured_media":25055,"comment_status":"closed","ping_status":"closed","sticky":false,"template":"","format":"standard","meta":{"sfsi_plus_gutenberg_text_before_share":"","sfsi_plus_gutenberg_show_text_before_share":"","sfsi_plus_gutenberg_icon_type":"","sfsi_plus_gutenberg_icon_alignemt":"","sfsi_plus_gutenburg_max_per_row":"","footnotes":""},"categories":[13],"tags":[],"class_list":["post-25054","post","type-post","status-publish","format-standard","has-post-thumbnail","hentry","category-esportes"],"_links":{"self":[{"href":"https:\/\/www.caririemacao.com\/1\/wp-json\/wp\/v2\/posts\/25054","targetHints":{"allow":["GET"]}}],"collection":[{"href":"https:\/\/www.caririemacao.com\/1\/wp-json\/wp\/v2\/posts"}],"about":[{"href":"https:\/\/www.caririemacao.com\/1\/wp-json\/wp\/v2\/types\/post"}],"author":[{"embeddable":true,"href":"https:\/\/www.caririemacao.com\/1\/wp-json\/wp\/v2\/users\/2"}],"replies":[{"embeddable":true,"href":"https:\/\/www.caririemacao.com\/1\/wp-json\/wp\/v2\/comments?post=25054"}],"version-history":[{"count":0,"href":"https:\/\/www.caririemacao.com\/1\/wp-json\/wp\/v2\/posts\/25054\/revisions"}],"wp:featuredmedia":[{"embeddable":true,"href":"https:\/\/www.caririemacao.com\/1\/wp-json\/wp\/v2\/media\/25055"}],"wp:attachment":[{"href":"https:\/\/www.caririemacao.com\/1\/wp-json\/wp\/v2\/media?parent=25054"}],"wp:term":[{"taxonomy":"category","embeddable":true,"href":"https:\/\/www.caririemacao.com\/1\/wp-json\/wp\/v2\/categories?post=25054"},{"taxonomy":"post_tag","embeddable":true,"href":"https:\/\/www.caririemacao.com\/1\/wp-json\/wp\/v2\/tags?post=25054"}],"curies":[{"name":"wp","href":"https:\/\/api.w.org\/{rel}","templated":true}]}}