{"id":25057,"date":"2017-08-01T11:25:08","date_gmt":"2017-08-01T14:25:08","guid":{"rendered":"http:\/\/caririemacao.com\/1\/?p=25057"},"modified":"2017-08-01T11:25:08","modified_gmt":"2017-08-01T14:25:08","slug":"vice-prefeito-de-camalau-participa-da-formatacao-da-rota-turistica-do-congo","status":"publish","type":"post","link":"https:\/\/www.caririemacao.com\/1\/2017\/08\/01\/vice-prefeito-de-camalau-participa-da-formatacao-da-rota-turistica-do-congo\/","title":{"rendered":"Vice Prefeito de Camala\u00fa participa da formata\u00e7\u00e3o da Rota Tur\u00edstica do Congo"},"content":{"rendered":"<p>O Vice Prefeito Kiel participou da formata\u00e7\u00e3o da Rota Tur\u00edstica na cidade do Congo. Kiel que al\u00e9m de professor tamb\u00e9m faz trabalhos em parceria com o SEBRAE, est\u00e1 muito engajado na elabora\u00e7\u00e3o deste valoroso projeto.<\/p>\n<p>Aos poucos a Rota Tur\u00edstica do Cariri vai ganhando abrang\u00eancia regional e se consolidando como uma das principais iniciativas do poder p\u00fablico junto ao Sebrae afim de alavancar o desenvolvimento no Cariri paraibano. Monteiro e Prata j\u00e1 adiantaram o processo e desenvolvem atividades significativas.<\/p>\n<p>\u201cNesta semana demos um passo importante no munic\u00edpio do Congo e o pr\u00f3ximo ser\u00e1 em Camala\u00fa.\u00a0 A atual gest\u00e3o em Camala\u00fa est\u00e1 aberta e prop\u00edcia a este tipo de atitude e de empreendimento ben\u00e9ficos ao nosso povo e regi\u00e3o\u201d, disse o vice prefeito.<\/p>\n<p><strong>CARIRI EM A\u00c7\u00c3O<\/strong><\/p>\n<p><em>Com DCS\/Foto: Reprodu\u00e7\u00e3o\u00a0<\/em><\/p>\n<p><strong>Leia mais not\u00edcias em\u00a0<\/strong><a href=\"http:\/\/www.caririemacao.com\/\"><strong>caririemacao.com<\/strong><\/a><strong>, siga nossa p\u00e1gina no\u00a0<\/strong><a href=\"https:\/\/www.facebook.com\/CaririEmAcao\/?ref=aymt_homepage_panel\"><strong>Facebook<\/strong><\/a>,<strong>\u00a0<a href=\"https:\/\/www.instagram.com\/cariri_em_acao\/?hl=pt-br\">Instagram<\/a>\u00a0e <\/strong><a href=\"https:\/\/www.youtube.com\/channel\/UCAptA0jQuYQy8vMhLt2m4qg\"><strong>Youtube<\/strong><\/a><strong>\u00a0e veja nossas mat\u00e9rias, v\u00eddeos e fotos. Voc\u00ea tamb\u00e9m pode enviar informa\u00e7\u00f5es \u00e0 Reda\u00e7\u00e3o do Portal Cariri em A\u00e7\u00e3o pelo WhatsApp (83) 9 9634.5791, (83) 9 9601-1162.<\/strong><\/p>\n<p>&nbsp;<\/p>\n","protected":false},"excerpt":{"rendered":"<p>O Vice Prefeito Kiel participou da formata\u00e7\u00e3o da Rota Tur\u00edstica na cidade do Congo. Kiel que al\u00e9m de professor tamb\u00e9m faz trabalhos em parceria com&hellip; <\/p>\n","protected":false},"author":2,"featured_media":25058,"comment_status":"closed","ping_status":"closed","sticky":false,"template":"","format":"standard","meta":{"sfsi_plus_gutenberg_text_before_share":"","sfsi_plus_gutenberg_show_text_before_share":"","sfsi_plus_gutenberg_icon_type":"","sfsi_plus_gutenberg_icon_alignemt":"","sfsi_plus_gutenburg_max_per_row":"","footnotes":""},"categories":[11],"tags":[],"class_list":["post-25057","post","type-post","status-publish","format-standard","has-post-thumbnail","hentry","category-politica"],"_links":{"self":[{"href":"https:\/\/www.caririemacao.com\/1\/wp-json\/wp\/v2\/posts\/25057","targetHints":{"allow":["GET"]}}],"collection":[{"href":"https:\/\/www.caririemacao.com\/1\/wp-json\/wp\/v2\/posts"}],"about":[{"href":"https:\/\/www.caririemacao.com\/1\/wp-json\/wp\/v2\/types\/post"}],"author":[{"embeddable":true,"href":"https:\/\/www.caririemacao.com\/1\/wp-json\/wp\/v2\/users\/2"}],"replies":[{"embeddable":true,"href":"https:\/\/www.caririemacao.com\/1\/wp-json\/wp\/v2\/comments?post=25057"}],"version-history":[{"count":0,"href":"https:\/\/www.caririemacao.com\/1\/wp-json\/wp\/v2\/posts\/25057\/revisions"}],"wp:featuredmedia":[{"embeddable":true,"href":"https:\/\/www.caririemacao.com\/1\/wp-json\/wp\/v2\/media\/25058"}],"wp:attachment":[{"href":"https:\/\/www.caririemacao.com\/1\/wp-json\/wp\/v2\/media?parent=25057"}],"wp:term":[{"taxonomy":"category","embeddable":true,"href":"https:\/\/www.caririemacao.com\/1\/wp-json\/wp\/v2\/categories?post=25057"},{"taxonomy":"post_tag","embeddable":true,"href":"https:\/\/www.caririemacao.com\/1\/wp-json\/wp\/v2\/tags?post=25057"}],"curies":[{"name":"wp","href":"https:\/\/api.w.org\/{rel}","templated":true}]}}