{"id":250620,"date":"2022-07-13T06:04:04","date_gmt":"2022-07-13T09:04:04","guid":{"rendered":"https:\/\/www.caririemacao.com\/1\/?p=250620"},"modified":"2022-07-13T06:04:04","modified_gmt":"2022-07-13T09:04:04","slug":"bolsonaro-diz-que-petistas-encheram-a-cara-de-atirador-de-chutes","status":"publish","type":"post","link":"https:\/\/www.caririemacao.com\/1\/2022\/07\/13\/bolsonaro-diz-que-petistas-encheram-a-cara-de-atirador-de-chutes\/","title":{"rendered":"Bolsonaro diz que petistas \u201cencheram a cara\u201d de atirador de chutes"},"content":{"rendered":"<p>Em conversa com apoiadores sobre a morte do guarda municipal Marcelo Arruda, o presidente Jair Bolsonaro (PL) chamou os convidados que agrediram o atirador Jorge Jos\u00e9 da Rocha Guaranho de \u201cpetistas\u201d.<\/p>\n<p>Nos v\u00eddeos das c\u00e2meras de seguran\u00e7a do local em que Arruda comemorava seus 50 anos, \u00e9 poss\u00edvel ver que ap\u00f3s efetuar os disparos que mataram o agente, Guaranho cai no ch\u00e3o \u2013 porque tamb\u00e9m foi alvejado com disparos feitos pela v\u00edtima. Em seguida, convidados da festa golpeiam o homem com chutes na cabe\u00e7a.<\/p>\n<p>\u201cGrande parte da imprensa mostrou o tiroteio dentro do recinto, mas n\u00e3o mostrou o que aconteceu l\u00e1 fora. Nada justifica a troca de tiros [\u2026] Teve um problema l\u00e1 fora, onde a gente v\u00ea que o cara que morreu jogou uma pedra no vidro do carro do cara. Ele voltou e come\u00e7ou aquele tiroteio onde morreu o aniversariante. O outro foi ferido, ficou ca\u00eddo no ch\u00e3o e, o pessoal da festa \u2013 todos petistas\u00a0\u2013\u00a0encheram a cara dele de chutes\u201d, sugeriu Bolsonaro.<\/p>\n<p>O chefe do Executivo federal declarou que a investiga\u00e7\u00e3o da Pol\u00edcia Civil do Paran\u00e1 sobre o caso \u201cj\u00e1 deve estar sendo conclu\u00edda\u201d e que, talvez, \u201cseja conclu\u00edda hoje e haja uma coletiva\u201d.<\/p>\n<p>Na segunda-feira, ao comentar o caso, o mandat\u00e1rio disse que n\u00e3o tem \u201cnada a ver\u201d com o crime, mas sugeriu que \u201co hist\u00f3rico de viol\u00eancia\u201d \u00e9 recorrente \u201cdo outro lado\u201d.<\/p>\n<p>\u201cQuando o Ad\u00e9lio me esfaqueou, ningu\u00e9m falou que ele era afiliado ao PSol. O que eu tenho a ver com esse epis\u00f3dio de Foz do Igua\u00e7u? Nada! Somos contra qualquer ato de viol\u00eancia. Eu j\u00e1 sofri disso na pele. A gente espera que n\u00e3o aconte\u00e7a, obviamente. Espero que n\u00e3o aconte\u00e7a! [\u2026] Agora, o hist\u00f3rico de viol\u00eancia, n\u00e3o \u00e9 do meu lado. \u00c9 do lado de l\u00e1\u201d, sugeriu Bolsonaro.<\/p>\n<p><strong>Entenda<\/strong><\/p>\n<p>O guarda municipal Marcelo Arruda, candidato a vice-prefeito nas \u00faltimas elei\u00e7\u00f5es, foi assassinado a tiros durante sua festa de anivers\u00e1rio de 50 anos, ocorrida na noite de s\u00e1bado (9), em Foz do Igua\u00e7u (PR). A festa tinha como tema o PT e fazia v\u00e1rias refer\u00eancias ao ex-presidente e pr\u00e9-candidato ao Pal\u00e1cio do Planalto, Luiz In\u00e1cio Lula da Silva.<\/p>\n<p>Inicialmente, a Pol\u00edcia Civil informou que o atirador, o policial penal Jorge Jos\u00e9 da Rocha Guaranho, tinha morrido ap\u00f3s Marcelo revidar. Contudo, \u00e0s 16h40, em coletiva de imprensa, a delegada Iane Cardoso informou que a pol\u00edcia errou: o agressor estava vivo e foi levado ao hospital. At\u00e9 a publica\u00e7\u00e3o desta reportagem, ele seguia internado.<\/p>\n<p>Segundo relatos, por volta das 23h, Jorge Guaranho, que se declara apoiador do presidente Jair Bolsonaro (PL), invadiu a festa e atirou em Marcelo, que revidou. A confraterniza\u00e7\u00e3o era promovida na Associa\u00e7\u00e3o Recreativa Esportiva Seguran\u00e7a F\u00edsica Itaipu (Aresfi). A festa tinha poucos convidados \u2014 cerca de 40 pessoas.<\/p>\n<p>Relatos ainda apontam que o policial penal entrou na festa gritando o nome de Bolsonaro e \u201cmito\u201d. Houve uma r\u00e1pida discuss\u00e3o, e o homem chegou a sacar a arma e amea\u00e7ou a todos. Logo depois, ele saiu, dizendo que voltaria para matar todo mundo\u201d. Minutos depois, o agente penitenci\u00e1rio chegou atirando no guarda municipal.<\/p>\n<p>&nbsp;<\/p>\n<p>Metrp\u00f3le<\/p>\n","protected":false},"excerpt":{"rendered":"<p>Em conversa com apoiadores sobre a morte do guarda municipal Marcelo Arruda, o presidente Jair Bolsonaro (PL) chamou os convidados que agrediram o atirador Jorge Jos\u00e9 da Rocha Guaranho de \u201cpetistas\u201d. Nos v\u00eddeos das c\u00e2meras de seguran\u00e7a do local em que Arruda comemorava seus 50 anos, \u00e9 poss\u00edvel ver que ap\u00f3s efetuar os disparos que mataram o agente, Guaranho cai no ch\u00e3o \u2013 porque tamb\u00e9m foi alvejado com disparos feitos pela v\u00edtima. Em seguida, convidados da festa golpeiam o homem com chutes na cabe\u00e7a. \u201cGrande parte da imprensa mostrou o tiroteio dentro do recinto, mas n\u00e3o mostrou o que aconteceu l\u00e1 fora. Nada justifica a troca de tiros [\u2026] Teve um problema l\u00e1 fora, onde a gente v\u00ea que o cara que morreu jogou uma pedra no vidro do carro do cara. Ele voltou e come\u00e7ou aquele tiroteio onde morreu o aniversariante. O outro foi ferido, ficou ca\u00eddo no ch\u00e3o e, o pessoal da festa \u2013 todos petistas\u00a0\u2013\u00a0encheram a cara dele de chutes\u201d, sugeriu Bolsonaro. O chefe do Executivo federal declarou que a investiga\u00e7\u00e3o da Pol\u00edcia Civil do Paran\u00e1 sobre o caso \u201cj\u00e1 deve estar sendo conclu\u00edda\u201d e que, talvez, \u201cseja conclu\u00edda hoje e haja uma coletiva\u201d. Na segunda-feira, ao comentar o caso, o mandat\u00e1rio disse que n\u00e3o tem \u201cnada a ver\u201d com o crime, mas sugeriu que \u201co hist\u00f3rico de viol\u00eancia\u201d \u00e9 recorrente \u201cdo outro lado\u201d. \u201cQuando o Ad\u00e9lio me esfaqueou, ningu\u00e9m falou que ele era afiliado ao PSol. O que eu tenho a ver com esse epis\u00f3dio de Foz do Igua\u00e7u? Nada! Somos contra qualquer ato de viol\u00eancia. Eu j\u00e1 sofri disso na pele. A gente espera que n\u00e3o aconte\u00e7a, obviamente. Espero que n\u00e3o aconte\u00e7a! [\u2026] Agora, o hist\u00f3rico de viol\u00eancia, n\u00e3o \u00e9 do meu lado. \u00c9 do lado de l\u00e1\u201d, sugeriu Bolsonaro. Entenda O guarda municipal Marcelo Arruda, candidato a vice-prefeito nas \u00faltimas elei\u00e7\u00f5es, foi assassinado a tiros durante sua festa de anivers\u00e1rio de 50 anos, ocorrida na noite de s\u00e1bado (9), em Foz do Igua\u00e7u (PR). A festa tinha como tema o PT e fazia v\u00e1rias refer\u00eancias ao ex-presidente e pr\u00e9-candidato ao Pal\u00e1cio do Planalto, Luiz In\u00e1cio Lula da Silva. Inicialmente, a Pol\u00edcia Civil informou que o atirador, o policial penal Jorge Jos\u00e9 da Rocha Guaranho, tinha morrido ap\u00f3s Marcelo revidar. Contudo, \u00e0s 16h40, em coletiva de imprensa, a delegada Iane Cardoso informou que a pol\u00edcia errou: o agressor estava vivo e foi levado ao hospital. At\u00e9 a publica\u00e7\u00e3o desta reportagem, ele seguia internado. Segundo relatos, por volta das 23h, Jorge Guaranho, que se declara apoiador do presidente Jair Bolsonaro (PL), invadiu a festa e atirou em Marcelo, que revidou. A confraterniza\u00e7\u00e3o era promovida na Associa\u00e7\u00e3o Recreativa Esportiva Seguran\u00e7a F\u00edsica Itaipu (Aresfi). A festa tinha poucos convidados \u2014 cerca de 40 pessoas. Relatos ainda apontam que o policial penal entrou na festa gritando o nome de Bolsonaro e \u201cmito\u201d. Houve uma r\u00e1pida discuss\u00e3o, e o homem chegou a sacar a arma e amea\u00e7ou a todos. Logo depois, ele saiu, dizendo que voltaria para matar todo mundo\u201d. Minutos depois, o agente penitenci\u00e1rio chegou atirando no guarda municipal. &nbsp; Metrp\u00f3le<\/p>\n","protected":false},"author":6,"featured_media":249621,"comment_status":"closed","ping_status":"closed","sticky":false,"template":"","format":"standard","meta":{"sfsi_plus_gutenberg_text_before_share":"","sfsi_plus_gutenberg_show_text_before_share":"","sfsi_plus_gutenberg_icon_type":"","sfsi_plus_gutenberg_icon_alignemt":"","sfsi_plus_gutenburg_max_per_row":"","footnotes":""},"categories":[50,98],"tags":[],"class_list":["post-250620","post","type-post","status-publish","format-standard","has-post-thumbnail","hentry","category-destaque","category-presidente"],"_links":{"self":[{"href":"https:\/\/www.caririemacao.com\/1\/wp-json\/wp\/v2\/posts\/250620","targetHints":{"allow":["GET"]}}],"collection":[{"href":"https:\/\/www.caririemacao.com\/1\/wp-json\/wp\/v2\/posts"}],"about":[{"href":"https:\/\/www.caririemacao.com\/1\/wp-json\/wp\/v2\/types\/post"}],"author":[{"embeddable":true,"href":"https:\/\/www.caririemacao.com\/1\/wp-json\/wp\/v2\/users\/6"}],"replies":[{"embeddable":true,"href":"https:\/\/www.caririemacao.com\/1\/wp-json\/wp\/v2\/comments?post=250620"}],"version-history":[{"count":1,"href":"https:\/\/www.caririemacao.com\/1\/wp-json\/wp\/v2\/posts\/250620\/revisions"}],"predecessor-version":[{"id":250621,"href":"https:\/\/www.caririemacao.com\/1\/wp-json\/wp\/v2\/posts\/250620\/revisions\/250621"}],"wp:featuredmedia":[{"embeddable":true,"href":"https:\/\/www.caririemacao.com\/1\/wp-json\/wp\/v2\/media\/249621"}],"wp:attachment":[{"href":"https:\/\/www.caririemacao.com\/1\/wp-json\/wp\/v2\/media?parent=250620"}],"wp:term":[{"taxonomy":"category","embeddable":true,"href":"https:\/\/www.caririemacao.com\/1\/wp-json\/wp\/v2\/categories?post=250620"},{"taxonomy":"post_tag","embeddable":true,"href":"https:\/\/www.caririemacao.com\/1\/wp-json\/wp\/v2\/tags?post=250620"}],"curies":[{"name":"wp","href":"https:\/\/api.w.org\/{rel}","templated":true}]}}