{"id":250668,"date":"2022-07-14T06:01:59","date_gmt":"2022-07-14T09:01:59","guid":{"rendered":"https:\/\/www.caririemacao.com\/1\/?p=250668"},"modified":"2022-07-14T06:01:59","modified_gmt":"2022-07-14T09:01:59","slug":"vereador-invade-area-restrita-de-upa-em-patos-flagra-paciente-nua-em-cirurgia-e-prefeitura-registra-boletim-de-ocorrencia","status":"publish","type":"post","link":"https:\/\/www.caririemacao.com\/1\/2022\/07\/14\/vereador-invade-area-restrita-de-upa-em-patos-flagra-paciente-nua-em-cirurgia-e-prefeitura-registra-boletim-de-ocorrencia\/","title":{"rendered":"Vereador invade \u00e1rea restrita de UPA em Patos, flagra paciente nua em cirurgia e Prefeitura registra Boletim de Ocorr\u00eancia"},"content":{"rendered":"<p>O vereador\u00a0Josm\u00e1 Oliveira (ex-patriota)\u00a0invadiu a \u00e1rea restrita de uma UPA em Patos, flagrou uma\u00a0paciente nua em cirurgia e uma enfermeira trocando de roupa. De acordo com a secret\u00e1ria de Sa\u00fade, Br\u00edgida Emmanuelli, o caso revoltou todos os servidores do local e um Boletim de Ocorr\u00eancia foi registrado.<\/p>\n<p>Segundo a secret\u00e1ria, o\u00a0ato de desrespeito do parlamentar foi registrado\u00a0por volta das 22h00 do s\u00e1bado, dia 09 de julho. Relatos dos profissionais de sa\u00fade, e que foram registrados em Boletim de Ocorr\u00eancia na Delegacia de Pol\u00edcia Civil de Patos, declaram que o parlamentar causou\u00a0constrangimento ao entrar abruptamente na \u00c1rea Vermelha da UPA e se deparar com uma paciente despida que estava sendo higienizada pela equipe de enfermagem.<\/p>\n<p>O epis\u00f3dio da invas\u00e3o da Unidade de Pronto Atendimento (UPA) Dr. Ot\u00e1vio Pires de Lacerda gerou repercuss\u00e3o na Prefeitura,\u00a0que emitiu uma nota sobre as provid\u00eancias que est\u00e3o sendo tomadas.<\/p>\n<p>Josm\u00e1 Oliveira foi denunciado por quebra de decoro parlamentar na C\u00e2mara Municipal de Patos. O\u00a0caso tamb\u00e9m foi levado ao Conselho Regional de Enfermagem da Para\u00edba (COREN\/PB), pois o vereador acabou constrangendo a equipe de enfermagem ao se dirigir at\u00e9 o ambiente de repouso da enfermeira plantonista.<\/p>\n<p>O caso n\u00e3o \u00e9 o primeiro e refor\u00e7a a conduta violenta do vereador. Um registro parecido em uma UBS, em que o vereador\u00a0exige\u00a0documentos de forma agressiva e \u00e9 impedido ap\u00f3s equipes da pol\u00edcia chegar ao local\u00a0para conter a agressividade do vereador foi registrado em fevereiro desse ano.<\/p>\n<figure><img decoding=\"async\" src=\"https:\/\/www.clickpb.com.br\/media\/filer_public\/af\/36\/af365e9e-e363-4ae3-adc9-e727734853e1\/aquiok.jpg\" data-image=\"193302\" \/><\/figure>\n","protected":false},"excerpt":{"rendered":"<p>O vereador\u00a0Josm\u00e1 Oliveira (ex-patriota)\u00a0invadiu a \u00e1rea restrita de uma UPA em Patos, flagrou uma\u00a0paciente nua em cirurgia e uma enfermeira trocando de roupa. De acordo com a secret\u00e1ria de Sa\u00fade, Br\u00edgida Emmanuelli, o caso revoltou todos os servidores do local e um Boletim de Ocorr\u00eancia foi registrado. Segundo a secret\u00e1ria, o\u00a0ato de desrespeito do parlamentar foi registrado\u00a0por volta das 22h00 do s\u00e1bado, dia 09 de julho. Relatos dos profissionais de sa\u00fade, e que foram registrados em Boletim de Ocorr\u00eancia na Delegacia de Pol\u00edcia Civil de Patos, declaram que o parlamentar causou\u00a0constrangimento ao entrar abruptamente na \u00c1rea Vermelha da UPA e se deparar com uma paciente despida que estava sendo higienizada pela equipe de enfermagem. O epis\u00f3dio da invas\u00e3o da Unidade de Pronto Atendimento (UPA) Dr. Ot\u00e1vio Pires de Lacerda gerou repercuss\u00e3o na Prefeitura,\u00a0que emitiu uma nota sobre as provid\u00eancias que est\u00e3o sendo tomadas. Josm\u00e1 Oliveira foi denunciado por quebra de decoro parlamentar na C\u00e2mara Municipal de Patos. O\u00a0caso tamb\u00e9m foi levado ao Conselho Regional de Enfermagem da Para\u00edba (COREN\/PB), pois o vereador acabou constrangendo a equipe de enfermagem ao se dirigir at\u00e9 o ambiente de repouso da enfermeira plantonista. O caso n\u00e3o \u00e9 o primeiro e refor\u00e7a a conduta violenta do vereador. Um registro parecido em uma UBS, em que o vereador\u00a0exige\u00a0documentos de forma agressiva e \u00e9 impedido ap\u00f3s equipes da pol\u00edcia chegar ao local\u00a0para conter a agressividade do vereador foi registrado em fevereiro desse ano.<\/p>\n","protected":false},"author":6,"featured_media":250669,"comment_status":"closed","ping_status":"closed","sticky":false,"template":"","format":"standard","meta":{"sfsi_plus_gutenberg_text_before_share":"","sfsi_plus_gutenberg_show_text_before_share":"","sfsi_plus_gutenberg_icon_type":"","sfsi_plus_gutenberg_icon_alignemt":"","sfsi_plus_gutenburg_max_per_row":"","footnotes":""},"categories":[50,105],"tags":[],"class_list":["post-250668","post","type-post","status-publish","format-standard","has-post-thumbnail","hentry","category-destaque","category-sertao"],"_links":{"self":[{"href":"https:\/\/www.caririemacao.com\/1\/wp-json\/wp\/v2\/posts\/250668","targetHints":{"allow":["GET"]}}],"collection":[{"href":"https:\/\/www.caririemacao.com\/1\/wp-json\/wp\/v2\/posts"}],"about":[{"href":"https:\/\/www.caririemacao.com\/1\/wp-json\/wp\/v2\/types\/post"}],"author":[{"embeddable":true,"href":"https:\/\/www.caririemacao.com\/1\/wp-json\/wp\/v2\/users\/6"}],"replies":[{"embeddable":true,"href":"https:\/\/www.caririemacao.com\/1\/wp-json\/wp\/v2\/comments?post=250668"}],"version-history":[{"count":1,"href":"https:\/\/www.caririemacao.com\/1\/wp-json\/wp\/v2\/posts\/250668\/revisions"}],"predecessor-version":[{"id":250670,"href":"https:\/\/www.caririemacao.com\/1\/wp-json\/wp\/v2\/posts\/250668\/revisions\/250670"}],"wp:featuredmedia":[{"embeddable":true,"href":"https:\/\/www.caririemacao.com\/1\/wp-json\/wp\/v2\/media\/250669"}],"wp:attachment":[{"href":"https:\/\/www.caririemacao.com\/1\/wp-json\/wp\/v2\/media?parent=250668"}],"wp:term":[{"taxonomy":"category","embeddable":true,"href":"https:\/\/www.caririemacao.com\/1\/wp-json\/wp\/v2\/categories?post=250668"},{"taxonomy":"post_tag","embeddable":true,"href":"https:\/\/www.caririemacao.com\/1\/wp-json\/wp\/v2\/tags?post=250668"}],"curies":[{"name":"wp","href":"https:\/\/api.w.org\/{rel}","templated":true}]}}