{"id":251830,"date":"2022-08-01T12:13:14","date_gmt":"2022-08-01T15:13:14","guid":{"rendered":"https:\/\/www.caririemacao.com\/1\/?p=251830"},"modified":"2022-08-01T12:13:14","modified_gmt":"2022-08-01T15:13:14","slug":"informe-publicitario-agosto-das-letras-chega-em-sume-disseminando-poesia","status":"publish","type":"post","link":"https:\/\/www.caririemacao.com\/1\/2022\/08\/01\/informe-publicitario-agosto-das-letras-chega-em-sume-disseminando-poesia\/","title":{"rendered":"INFORME PUBLICIT\u00c1RIO: Agosto das Letras chega em Sum\u00e9 disseminando poesia"},"content":{"rendered":"<p>A edi\u00e7\u00e3o 2022 da Caravana \u201cAgosto das Letras\u201d, vir\u00e1 para Sum\u00e9 nos dias 2 e 3 de agosto. O evento homenageia este ano, a repentista Chica Barrosa, conhecida como A Rainha Negra do Repente.<\/p>\n<p>Seu embate mais conhecido foi com o fazendeiro Manuel Martins de Oliveira, conhecido como Neco Martins. Chica morreu assassinada na cidade de Pombal, Sert\u00e3o da Para\u00edba.<\/p>\n<p>Essa \u00e9 a primeira vez que o \u201cAgosto das Letras\u201d percorre cidades do interior da Para\u00edba, de forma itinerante, levando atividades culturais de leitura, m\u00fasica e teatro. Em anos anteriores, o evento acontecia apenas no Espa\u00e7o Cultural Jos\u00e9 Lins do R\u00eago, em Jo\u00e3o Pessoa.<\/p>\n<p>Confira a programa\u00e7\u00e3o em Sum\u00e9:<\/p>\n<p>Ter\u00e7a-feira, 2 de agosto:<\/p>\n<p>\u2022 13h \u00e0s 16h na Escola Municipal Maria Leite Rafael &#8211; Oficina Liter\u00e1ria \u201cVida e Obra de Chica Barrosa\u201d (Parte 1) com Rafael Barros de Sousa e Leandro de Sousa Almeida<br \/>\n\u2022 19h \u2013 Abertura oficial do evento no Sum\u00e9 Shopping<br \/>\n\u2022 19h15 \u2013 Sarau liter\u00e1rio com o Coletivo Marias da Poesia e apresenta\u00e7\u00e3o do cordel \u201cNenhuma mulher merece ter seu direito negado\u201d<br \/>\n\u2022 20h \u2013 Lan\u00e7amento de livros<br \/>\n\u2022 20h30 \u2013 Sarau po\u00e9tico \u201cCabe\u00e7a de rato\u201d com Zito Jr<br \/>\n\u2022 21h15 \u2013 Show musical com o poeta repentista Evaldo Filho<\/p>\n<p>Quarta-feira, 3 de agosto:<\/p>\n<p>\u2022 08h30 \u00e0s 11h30 na Escola Municipal Maria Leite Rafael \u2013 Oficina Liter\u00e1ria \u201cVida e Obra de Chica Barrosa\u201d (Parte 2) com Rafael Barros de Sousa e Leandro de Sousa Almeida e conta\u00e7\u00e3o de hist\u00f3ria, causos e versos com o poeta Neto Ferreira<\/p>\n<p>O \u201cAgosto das Letras\u201d \u00e9 uma iniciativa, promovida pela Funda\u00e7\u00e3o Espa\u00e7o Cultural da Para\u00edba (Funesc) e em Sum\u00e9, conta com o apoio das Secretarias de Cultura, Esporte e Turismo e da Educa\u00e7\u00e3o.<\/p>\n<p><img fetchpriority=\"high\" decoding=\"async\" class=\" wp-image-245129 aligncenter\" src=\"https:\/\/www.caririemacao.com\/1\/wp-content\/uploads\/2022\/04\/LOGO-SUME.jpg\" alt=\"\" width=\"421\" height=\"421\" srcset=\"https:\/\/www.caririemacao.com\/1\/wp-content\/uploads\/2022\/04\/LOGO-SUME.jpg 206w, https:\/\/www.caririemacao.com\/1\/wp-content\/uploads\/2022\/04\/LOGO-SUME-150x150.jpg 150w\" sizes=\"(max-width: 421px) 100vw, 421px\" \/><\/p>\n","protected":false},"excerpt":{"rendered":"<p>A edi\u00e7\u00e3o 2022 da Caravana \u201cAgosto das Letras\u201d, vir\u00e1 para Sum\u00e9 nos dias 2 e 3 de agosto. O evento homenageia este ano, a repentista&hellip; <\/p>\n","protected":false},"author":6,"featured_media":251831,"comment_status":"closed","ping_status":"closed","sticky":false,"template":"","format":"standard","meta":{"sfsi_plus_gutenberg_text_before_share":"","sfsi_plus_gutenberg_show_text_before_share":"","sfsi_plus_gutenberg_icon_type":"","sfsi_plus_gutenberg_icon_alignemt":"","sfsi_plus_gutenburg_max_per_row":"","footnotes":""},"categories":[95],"tags":[],"class_list":["post-251830","post","type-post","status-publish","format-standard","has-post-thumbnail","hentry","category-sume"],"_links":{"self":[{"href":"https:\/\/www.caririemacao.com\/1\/wp-json\/wp\/v2\/posts\/251830","targetHints":{"allow":["GET"]}}],"collection":[{"href":"https:\/\/www.caririemacao.com\/1\/wp-json\/wp\/v2\/posts"}],"about":[{"href":"https:\/\/www.caririemacao.com\/1\/wp-json\/wp\/v2\/types\/post"}],"author":[{"embeddable":true,"href":"https:\/\/www.caririemacao.com\/1\/wp-json\/wp\/v2\/users\/6"}],"replies":[{"embeddable":true,"href":"https:\/\/www.caririemacao.com\/1\/wp-json\/wp\/v2\/comments?post=251830"}],"version-history":[{"count":1,"href":"https:\/\/www.caririemacao.com\/1\/wp-json\/wp\/v2\/posts\/251830\/revisions"}],"predecessor-version":[{"id":251832,"href":"https:\/\/www.caririemacao.com\/1\/wp-json\/wp\/v2\/posts\/251830\/revisions\/251832"}],"wp:featuredmedia":[{"embeddable":true,"href":"https:\/\/www.caririemacao.com\/1\/wp-json\/wp\/v2\/media\/251831"}],"wp:attachment":[{"href":"https:\/\/www.caririemacao.com\/1\/wp-json\/wp\/v2\/media?parent=251830"}],"wp:term":[{"taxonomy":"category","embeddable":true,"href":"https:\/\/www.caririemacao.com\/1\/wp-json\/wp\/v2\/categories?post=251830"},{"taxonomy":"post_tag","embeddable":true,"href":"https:\/\/www.caririemacao.com\/1\/wp-json\/wp\/v2\/tags?post=251830"}],"curies":[{"name":"wp","href":"https:\/\/api.w.org\/{rel}","templated":true}]}}