{"id":251833,"date":"2022-08-01T12:14:39","date_gmt":"2022-08-01T15:14:39","guid":{"rendered":"https:\/\/www.caririemacao.com\/1\/?p=251833"},"modified":"2022-08-01T12:14:39","modified_gmt":"2022-08-01T15:14:39","slug":"policia-militar-intervem-e-impede-que-briga-em-bar-acabasse-em-tragedia-na-cidade-de-monteiro","status":"publish","type":"post","link":"https:\/\/www.caririemacao.com\/1\/2022\/08\/01\/policia-militar-intervem-e-impede-que-briga-em-bar-acabasse-em-tragedia-na-cidade-de-monteiro\/","title":{"rendered":"Pol\u00edcia Militar interv\u00e9m e impede que briga em bar acabasse em trag\u00e9dia na cidade de Monteiro"},"content":{"rendered":"<p>Uma guarni\u00e7\u00e3o da pol\u00edcia militar, interviu na noite deste domingo (31), para que uma briga entre dois homens em um bar na cidade de Monteiro, n\u00e3o acabasse em uma trag\u00e9dia.<\/p>\n<p>De acordo com informa\u00e7\u00f5es das autoridades policiais, a v\u00edtima relatou que estava bebendo em um bar, quando o acusado chegou embriagado e que lhe deu um tapa no seu rosto.<\/p>\n<p>Ao final da oitiva, a v\u00edtima informou tamb\u00e9m que revidou e deu um soco na boca do acusado, lesionando de uma forma que chegou a sangrar em seguida.<\/p>\n<p>O acusado falou que iria mat\u00e1-lo e que iria at\u00e9 o carro pegar seu revolver, por\u00e9m nada de \u00edlicito foi encontrado, quando a guarni\u00e7\u00e3o fez a busca no ve\u00edculo.<\/p>\n<p>No momento que seria conduzido, o elemento disse que n\u00e3o seria conduzido para a delegacia e nem entrava no xadrez da viatura, onde foi usada a for\u00e7a necess\u00e1ria para coloca-lo.<\/p>\n<p>Diantes dos fatos, as partes foram conduzidas para a delegacia da Pol\u00edcia Civil.<\/p>\n<p>&nbsp;<\/p>\n<p><strong>CARIRI EM A\u00c7\u00c3O<\/strong><\/p>\n<p>Com Para\u00edba da Gente<\/p>\n","protected":false},"excerpt":{"rendered":"<p>Uma guarni\u00e7\u00e3o da pol\u00edcia militar, interviu na noite deste domingo (31), para que uma briga entre dois homens em um bar na cidade de Monteiro,&hellip; <\/p>\n","protected":false},"author":6,"featured_media":250733,"comment_status":"closed","ping_status":"closed","sticky":false,"template":"","format":"standard","meta":{"sfsi_plus_gutenberg_text_before_share":"","sfsi_plus_gutenberg_show_text_before_share":"","sfsi_plus_gutenberg_icon_type":"","sfsi_plus_gutenberg_icon_alignemt":"","sfsi_plus_gutenburg_max_per_row":"","footnotes":""},"categories":[81],"tags":[],"class_list":["post-251833","post","type-post","status-publish","format-standard","has-post-thumbnail","hentry","category-monteiro"],"_links":{"self":[{"href":"https:\/\/www.caririemacao.com\/1\/wp-json\/wp\/v2\/posts\/251833","targetHints":{"allow":["GET"]}}],"collection":[{"href":"https:\/\/www.caririemacao.com\/1\/wp-json\/wp\/v2\/posts"}],"about":[{"href":"https:\/\/www.caririemacao.com\/1\/wp-json\/wp\/v2\/types\/post"}],"author":[{"embeddable":true,"href":"https:\/\/www.caririemacao.com\/1\/wp-json\/wp\/v2\/users\/6"}],"replies":[{"embeddable":true,"href":"https:\/\/www.caririemacao.com\/1\/wp-json\/wp\/v2\/comments?post=251833"}],"version-history":[{"count":1,"href":"https:\/\/www.caririemacao.com\/1\/wp-json\/wp\/v2\/posts\/251833\/revisions"}],"predecessor-version":[{"id":251834,"href":"https:\/\/www.caririemacao.com\/1\/wp-json\/wp\/v2\/posts\/251833\/revisions\/251834"}],"wp:featuredmedia":[{"embeddable":true,"href":"https:\/\/www.caririemacao.com\/1\/wp-json\/wp\/v2\/media\/250733"}],"wp:attachment":[{"href":"https:\/\/www.caririemacao.com\/1\/wp-json\/wp\/v2\/media?parent=251833"}],"wp:term":[{"taxonomy":"category","embeddable":true,"href":"https:\/\/www.caririemacao.com\/1\/wp-json\/wp\/v2\/categories?post=251833"},{"taxonomy":"post_tag","embeddable":true,"href":"https:\/\/www.caririemacao.com\/1\/wp-json\/wp\/v2\/tags?post=251833"}],"curies":[{"name":"wp","href":"https:\/\/api.w.org\/{rel}","templated":true}]}}