{"id":251837,"date":"2022-08-01T16:03:04","date_gmt":"2022-08-01T19:03:04","guid":{"rendered":"https:\/\/www.caririemacao.com\/1\/?p=251837"},"modified":"2022-08-01T16:03:04","modified_gmt":"2022-08-01T19:03:04","slug":"presidente-da-camara-de-gurjao-parabeniza-gestao-do-prefeito-ze-elias-pelo-sucesso-da-edicao-2022-do-bode-na-rua","status":"publish","type":"post","link":"https:\/\/www.caririemacao.com\/1\/2022\/08\/01\/presidente-da-camara-de-gurjao-parabeniza-gestao-do-prefeito-ze-elias-pelo-sucesso-da-edicao-2022-do-bode-na-rua\/","title":{"rendered":"Presidente da C\u00e2mara de Gurj\u00e3o parabeniza gest\u00e3o do prefeito Z\u00e9 Elias pelo sucesso da edi\u00e7\u00e3o 2022 do Bode na Rua"},"content":{"rendered":"<p>O presidente da C\u00e2mara de Gurj\u00e3o, vereador Marcelo Farias, parabenizou na manh\u00e3 do \u00faltimo s\u00e1bado (30), a organiza\u00e7\u00e3o da 21\u00aa edi\u00e7\u00e3o do Bode na Rua na edi\u00e7\u00e3o 2022. Ainda durante entrevista ao Cariri Em A\u00e7\u00e3o, o vereador enfatizou a import\u00e2ncia do evento para a cidade.<\/p>\n<p>&#8220;Foi um grande evento criado por nossa cidade, e a edi\u00e7\u00e3o deste ano de 2022 est\u00e1 de parab\u00e9ns, principalmente pela organiza\u00e7\u00e3o que pensou nos m\u00ednimos detalhes para que tudo sa\u00edsse de acordo com o planejado,&#8221; disse.<\/p>\n<p>O vereador Marcelo Farias, ainda, falou sobre o empenho do prefeito Z\u00e9 Elias, na organiza\u00e7\u00e3o do evento e parabenizou a gest\u00e3o por mais uma edi\u00e7\u00e3o de sucesso do Bode na Rua.<\/p>\n<p>&#8220;Parabenizo a gest\u00e3o do prefeito Z\u00e9 Elias pelo brilhante trabalho e empenho na organiza\u00e7\u00e3o do evento. Nossa cidade est\u00e1 de parab\u00e9ns por mais essa edi\u00e7\u00e3o do Bode na Rua, que movimentou o com\u00e9rcio local e trouxe uma renda extra aos nossos comerciantes,&#8221; disse.<\/p>\n<p>&nbsp;<\/p>\n<p><strong>CARIRI EM A\u00c7\u00c3O<\/strong><\/p>\n","protected":false},"excerpt":{"rendered":"<p>O presidente da C\u00e2mara de Gurj\u00e3o, vereador Marcelo Farias, parabenizou na manh\u00e3 do \u00faltimo s\u00e1bado (30), a organiza\u00e7\u00e3o da 21\u00aa edi\u00e7\u00e3o do Bode na Rua&hellip; <\/p>\n","protected":false},"author":6,"featured_media":251848,"comment_status":"closed","ping_status":"closed","sticky":false,"template":"","format":"standard","meta":{"sfsi_plus_gutenberg_text_before_share":"","sfsi_plus_gutenberg_show_text_before_share":"","sfsi_plus_gutenberg_icon_type":"","sfsi_plus_gutenberg_icon_alignemt":"","sfsi_plus_gutenburg_max_per_row":"","footnotes":""},"categories":[77],"tags":[],"class_list":["post-251837","post","type-post","status-publish","format-standard","has-post-thumbnail","hentry","category-gurjao"],"_links":{"self":[{"href":"https:\/\/www.caririemacao.com\/1\/wp-json\/wp\/v2\/posts\/251837","targetHints":{"allow":["GET"]}}],"collection":[{"href":"https:\/\/www.caririemacao.com\/1\/wp-json\/wp\/v2\/posts"}],"about":[{"href":"https:\/\/www.caririemacao.com\/1\/wp-json\/wp\/v2\/types\/post"}],"author":[{"embeddable":true,"href":"https:\/\/www.caririemacao.com\/1\/wp-json\/wp\/v2\/users\/6"}],"replies":[{"embeddable":true,"href":"https:\/\/www.caririemacao.com\/1\/wp-json\/wp\/v2\/comments?post=251837"}],"version-history":[{"count":2,"href":"https:\/\/www.caririemacao.com\/1\/wp-json\/wp\/v2\/posts\/251837\/revisions"}],"predecessor-version":[{"id":251849,"href":"https:\/\/www.caririemacao.com\/1\/wp-json\/wp\/v2\/posts\/251837\/revisions\/251849"}],"wp:featuredmedia":[{"embeddable":true,"href":"https:\/\/www.caririemacao.com\/1\/wp-json\/wp\/v2\/media\/251848"}],"wp:attachment":[{"href":"https:\/\/www.caririemacao.com\/1\/wp-json\/wp\/v2\/media?parent=251837"}],"wp:term":[{"taxonomy":"category","embeddable":true,"href":"https:\/\/www.caririemacao.com\/1\/wp-json\/wp\/v2\/categories?post=251837"},{"taxonomy":"post_tag","embeddable":true,"href":"https:\/\/www.caririemacao.com\/1\/wp-json\/wp\/v2\/tags?post=251837"}],"curies":[{"name":"wp","href":"https:\/\/api.w.org\/{rel}","templated":true}]}}