{"id":251839,"date":"2022-08-01T15:51:28","date_gmt":"2022-08-01T18:51:28","guid":{"rendered":"https:\/\/www.caririemacao.com\/1\/?p=251839"},"modified":"2022-08-01T15:51:28","modified_gmt":"2022-08-01T18:51:28","slug":"dinheiro-no-bolso-prefeitura-de-serra-branca-efetua-pagamento-da-1a-parcela-do-13o-salario","status":"publish","type":"post","link":"https:\/\/www.caririemacao.com\/1\/2022\/08\/01\/dinheiro-no-bolso-prefeitura-de-serra-branca-efetua-pagamento-da-1a-parcela-do-13o-salario\/","title":{"rendered":"DINHEIRO NO BOLSO: Prefeitura de Serra Branca efetua pagamento da 1\u00aa parcela do 13\u00ba sal\u00e1rio"},"content":{"rendered":"<p>A Prefeitura Municipal de Serra Branca, por meio da Secretaria de Administra\u00e7\u00e3o e Finan\u00e7as, efetuou nesta segunda-feira, dia 01, o pagamento antecipado da primeira parcela do 13\u00ba sal\u00e1rio \u00e0 todos os servidores efetivos e comissionados da Prefeitura de Serra Branca.<\/p>\n<p>Em contato com a Secret\u00e1ria de Finan\u00e7as, Flaviana Almeida, o pagamento j\u00e1 foi efetuado e ser\u00e3o creditados nas contas dos servidores at\u00e9 \u00e0s 17hs desta segunda-feira. Ainda de acordo com a secret\u00e1ria de finan\u00e7as, Flaviana Almeida, a folha da primeira parcela do d\u00e9cimo terceiro sal\u00e1rio, impactar\u00e1 um investimento direto de quase R$ 500 mil reais na economia do munic\u00edpio de Serra Branca.<\/p>\n<p>Flaviana ainda lembrou que o pagamento antecipado do sal\u00e1rio antes da data limite vem sendo realizado com grande zelo e responsabilidade, gra\u00e7as ao equil\u00edbrio financeiro alcan\u00e7ado pelo munic\u00edpio e a partir de uma pol\u00edtica s\u00e9ria do prefeito Souzinha de pagar em dia para valorizar o servidor e fortalecer a economia local.<\/p>\n<p>O prefeito de Serra Branca, Vicente Fialho (Souzinha), tamb\u00e9m destacou que a antecipa\u00e7\u00e3o dos vencimentos d\u00e1 tranquilidade e liberdade para o trabalhador possa ter uma rentabilidade financeira, al\u00e9m de ajudar com o desenvolvimento da economia local. \u201cDecidimos pela antecipa\u00e7\u00e3o, como forma de valorizar o servidor da nossa querida Serra Branca. Essa medida beneficia tamb\u00e9m a economia local, j\u00e1 que boa parte deste valor fica investido no com\u00e9rcio do nosso munic\u00edpio\u201d, destacou Souzinha.<\/p>\n<p>&nbsp;<\/p>\n<p><strong>CARIRI EM A\u00c7\u00c3O<\/strong><\/p>\n<p>Com De Olho no Cariri<\/p>\n","protected":false},"excerpt":{"rendered":"<p>A Prefeitura Municipal de Serra Branca, por meio da Secretaria de Administra\u00e7\u00e3o e Finan\u00e7as, efetuou nesta segunda-feira, dia 01, o pagamento antecipado da primeira parcela&hellip; <\/p>\n","protected":false},"author":6,"featured_media":251840,"comment_status":"closed","ping_status":"closed","sticky":false,"template":"","format":"standard","meta":{"sfsi_plus_gutenberg_text_before_share":"","sfsi_plus_gutenberg_show_text_before_share":"","sfsi_plus_gutenberg_icon_type":"","sfsi_plus_gutenberg_icon_alignemt":"","sfsi_plus_gutenburg_max_per_row":"","footnotes":""},"categories":[93],"tags":[],"class_list":["post-251839","post","type-post","status-publish","format-standard","has-post-thumbnail","hentry","category-serra-branca"],"_links":{"self":[{"href":"https:\/\/www.caririemacao.com\/1\/wp-json\/wp\/v2\/posts\/251839","targetHints":{"allow":["GET"]}}],"collection":[{"href":"https:\/\/www.caririemacao.com\/1\/wp-json\/wp\/v2\/posts"}],"about":[{"href":"https:\/\/www.caririemacao.com\/1\/wp-json\/wp\/v2\/types\/post"}],"author":[{"embeddable":true,"href":"https:\/\/www.caririemacao.com\/1\/wp-json\/wp\/v2\/users\/6"}],"replies":[{"embeddable":true,"href":"https:\/\/www.caririemacao.com\/1\/wp-json\/wp\/v2\/comments?post=251839"}],"version-history":[{"count":1,"href":"https:\/\/www.caririemacao.com\/1\/wp-json\/wp\/v2\/posts\/251839\/revisions"}],"predecessor-version":[{"id":251841,"href":"https:\/\/www.caririemacao.com\/1\/wp-json\/wp\/v2\/posts\/251839\/revisions\/251841"}],"wp:featuredmedia":[{"embeddable":true,"href":"https:\/\/www.caririemacao.com\/1\/wp-json\/wp\/v2\/media\/251840"}],"wp:attachment":[{"href":"https:\/\/www.caririemacao.com\/1\/wp-json\/wp\/v2\/media?parent=251839"}],"wp:term":[{"taxonomy":"category","embeddable":true,"href":"https:\/\/www.caririemacao.com\/1\/wp-json\/wp\/v2\/categories?post=251839"},{"taxonomy":"post_tag","embeddable":true,"href":"https:\/\/www.caririemacao.com\/1\/wp-json\/wp\/v2\/tags?post=251839"}],"curies":[{"name":"wp","href":"https:\/\/api.w.org\/{rel}","templated":true}]}}