{"id":251842,"date":"2022-08-01T15:54:58","date_gmt":"2022-08-01T18:54:58","guid":{"rendered":"https:\/\/www.caririemacao.com\/1\/?p=251842"},"modified":"2022-08-01T15:54:58","modified_gmt":"2022-08-01T18:54:58","slug":"mesmo-com-ricardo-coutinho-inelegivel-jeova-confia-na-eleicao-para-o-senado-e-diz-nao-precisar-de-garantia-e-nem-busca-seguranca-juridica","status":"publish","type":"post","link":"https:\/\/www.caririemacao.com\/1\/2022\/08\/01\/mesmo-com-ricardo-coutinho-inelegivel-jeova-confia-na-eleicao-para-o-senado-e-diz-nao-precisar-de-garantia-e-nem-busca-seguranca-juridica\/","title":{"rendered":"Mesmo com Ricardo Coutinho ineleg\u00edvel, Jeov\u00e1 confia na elei\u00e7\u00e3o para o Senado e diz n\u00e3o precisar de garantia e nem busca seguran\u00e7a jur\u00eddica"},"content":{"rendered":"<p>O deputado estadual Jeov\u00e1 Campos est\u00e1 confiante na elei\u00e7\u00e3o de seu aliado Ricardo Coutinho, mesmo o ex-governador estando ineleg\u00edvel de acordo com as regras eleitorais. Em entrevista ao programa Arapuan Verdade, nesta segunda-feira (1\u00ba), o parlamentar pontuou que n\u00e3o precisa de garantia jur\u00eddica para crer na elei\u00e7\u00e3o de Ricardo e nem busca seguran\u00e7a jur\u00eddica para si.<\/p>\n<p>&#8220;N\u00e3o preciso de garantia jur\u00eddica. Quem me comanda \u00e9 a pol\u00edtica. Ricardo Coutinho \u00e9 o mais qualificado e tem hist\u00f3ria. \u00c9 o principal representante do presidente Lula na Para\u00edba&#8221;, destacou o deputado estadual.<\/p>\n<p>Ainda segundo Jeov\u00e1 Campos, acreditando que Ricardo Coutinho reverter\u00e1 a inelegibilidade, &#8220;eu tenho uma leitura que os iguais devem ser tratados igualmente. A S\u00famula do TSE d\u00e1 tratamento igual \u00e0s pessoas que est\u00e3o na mesma situa\u00e7\u00e3o jur\u00eddica do ponto de vista das condena\u00e7\u00f5es. Eu n\u00e3o vou entrar nesse debate porque quem deve responder isso \u00e9 o Supremo Tribunal Federal.&#8221;<\/p>\n<p>Em rela\u00e7\u00e3o \u00e0 seguran\u00e7a jur\u00eddica, Jeov\u00e1 Campos relatou n\u00e3o buscar seguran\u00e7a jur\u00eddica. &#8220;Eu disse aqui que n\u00e3o estou querendo seguran\u00e7a jur\u00eddica. E cabe ao Tribunal Superior Eleitoral, especialmente ao Supremo, dizer o direito.&#8221;<\/p>\n<p>O deputado, que n\u00e3o concorrer\u00e1, ent\u00e3o, \u00e0 reelei\u00e7\u00e3o, declarou que n\u00e3o aceitou ser candidato a suplente s\u00f3 por ser Ricardo, mas sim, por causa de um projeto de grupo que tamb\u00e9m \u00e9 de Ricardo.<\/p>\n<p>&nbsp;<\/p>\n<p><strong>CARIRI EM A\u00c7\u00c3O<\/strong><\/p>\n<p>Com Click PB<\/p>\n","protected":false},"excerpt":{"rendered":"<p>O deputado estadual Jeov\u00e1 Campos est\u00e1 confiante na elei\u00e7\u00e3o de seu aliado Ricardo Coutinho, mesmo o ex-governador estando ineleg\u00edvel de acordo com as regras eleitorais.&hellip; <\/p>\n","protected":false},"author":6,"featured_media":251843,"comment_status":"closed","ping_status":"closed","sticky":false,"template":"","format":"standard","meta":{"sfsi_plus_gutenberg_text_before_share":"","sfsi_plus_gutenberg_show_text_before_share":"","sfsi_plus_gutenberg_icon_type":"","sfsi_plus_gutenberg_icon_alignemt":"","sfsi_plus_gutenburg_max_per_row":"","footnotes":""},"categories":[104],"tags":[],"class_list":["post-251842","post","type-post","status-publish","format-standard","has-post-thumbnail","hentry","category-paraiba"],"_links":{"self":[{"href":"https:\/\/www.caririemacao.com\/1\/wp-json\/wp\/v2\/posts\/251842","targetHints":{"allow":["GET"]}}],"collection":[{"href":"https:\/\/www.caririemacao.com\/1\/wp-json\/wp\/v2\/posts"}],"about":[{"href":"https:\/\/www.caririemacao.com\/1\/wp-json\/wp\/v2\/types\/post"}],"author":[{"embeddable":true,"href":"https:\/\/www.caririemacao.com\/1\/wp-json\/wp\/v2\/users\/6"}],"replies":[{"embeddable":true,"href":"https:\/\/www.caririemacao.com\/1\/wp-json\/wp\/v2\/comments?post=251842"}],"version-history":[{"count":1,"href":"https:\/\/www.caririemacao.com\/1\/wp-json\/wp\/v2\/posts\/251842\/revisions"}],"predecessor-version":[{"id":251844,"href":"https:\/\/www.caririemacao.com\/1\/wp-json\/wp\/v2\/posts\/251842\/revisions\/251844"}],"wp:featuredmedia":[{"embeddable":true,"href":"https:\/\/www.caririemacao.com\/1\/wp-json\/wp\/v2\/media\/251843"}],"wp:attachment":[{"href":"https:\/\/www.caririemacao.com\/1\/wp-json\/wp\/v2\/media?parent=251842"}],"wp:term":[{"taxonomy":"category","embeddable":true,"href":"https:\/\/www.caririemacao.com\/1\/wp-json\/wp\/v2\/categories?post=251842"},{"taxonomy":"post_tag","embeddable":true,"href":"https:\/\/www.caririemacao.com\/1\/wp-json\/wp\/v2\/tags?post=251842"}],"curies":[{"name":"wp","href":"https:\/\/api.w.org\/{rel}","templated":true}]}}