{"id":251845,"date":"2022-08-01T15:57:29","date_gmt":"2022-08-01T18:57:29","guid":{"rendered":"https:\/\/www.caririemacao.com\/1\/?p=251845"},"modified":"2022-08-01T15:57:29","modified_gmt":"2022-08-01T18:57:29","slug":"crianca-de-2-anos-que-estava-desaparecida-e-encontrada-morta-dentro-de-acude-em-montadas","status":"publish","type":"post","link":"https:\/\/www.caririemacao.com\/1\/2022\/08\/01\/crianca-de-2-anos-que-estava-desaparecida-e-encontrada-morta-dentro-de-acude-em-montadas\/","title":{"rendered":"Crian\u00e7a de 2 anos que estava desaparecida \u00e9 encontrada morta, dentro de a\u00e7ude, em Montadas"},"content":{"rendered":"<p>O corpo da menina Talita Brito dos Santos, de dois anos, que estava desaparecido desde a tarde de ontem, domingo (31), foi encontrado pelo Corpo de Bombeiros, nesta segunda-feira (1\u00ba) dentro de um a\u00e7ude, perto do s\u00edtio onde ela morava, na Zona Rural da cidade de Montadas, na Para\u00edba.<\/p>\n<p>Uma chupeta foi encontrada no local e, segundo a fam\u00edlia, seria da crian\u00e7a.<\/p>\n<p>De acordo com parentes, a crian\u00e7a estava na parte externa da casa e sem que ningu\u00e9m percebesse, desapareceu. A Pol\u00edcia Civil chegou a ser comunicada sobre o desaparecimento e a Pol\u00edcia Militar tamb\u00e9m auxiliou nas buscas. O Corpo de Bombeiros foi acionado e tamb\u00e9m ajudou nas buscas dentro da barragem.<\/p>\n<p class=\"bodytext\">O corpo deve ser encaminhado para O Instituto de Pol\u00edcia Cient\u00edfica (IPC), onde deve ser examinado para investigar a causa da morte e confirmar a identifica\u00e7\u00e3o.<\/p>\n<p><img fetchpriority=\"high\" decoding=\"async\" class=\"alignnone wp-image-689321 size-full pk-lqip lazyautosizes pk-lazyloaded\" src=\"https:\/\/pbagora.s3.amazonaws.com\/2022\/08\/01142333\/bomb.jpg\" sizes=\"680px\" srcset=\"https:\/\/pbagora.s3.amazonaws.com\/2022\/08\/01142333\/bomb.jpg 687w, https:\/\/pbagora.s3.amazonaws.com\/2022\/08\/01142333\/bomb-300x202.jpg 300w, https:\/\/pbagora.s3.amazonaws.com\/2022\/08\/01142333\/bomb-150x101.jpg 150w, https:\/\/pbagora.s3.amazonaws.com\/2022\/08\/01142333\/bomb-380x256.jpg 380w, https:\/\/pbagora.s3.amazonaws.com\/2022\/08\/01142333\/bomb-80x54.jpg 80w, https:\/\/pbagora.s3.amazonaws.com\/2022\/08\/01142333\/bomb-600x404.jpg 600w\" alt=\"\" width=\"687\" height=\"463\" data-pk-sizes=\"auto\" data-ls-sizes=\"(max-width: 687px) 100vw, 687px\" data-pk-src=\"https:\/\/pbagora.s3.amazonaws.com\/2022\/08\/01142333\/bomb.jpg\" data-pk-srcset=\"https:\/\/pbagora.s3.amazonaws.com\/2022\/08\/01142333\/bomb.jpg 687w, https:\/\/pbagora.s3.amazonaws.com\/2022\/08\/01142333\/bomb-300x202.jpg 300w, https:\/\/pbagora.s3.amazonaws.com\/2022\/08\/01142333\/bomb-150x101.jpg 150w, https:\/\/pbagora.s3.amazonaws.com\/2022\/08\/01142333\/bomb-380x256.jpg 380w, https:\/\/pbagora.s3.amazonaws.com\/2022\/08\/01142333\/bomb-80x54.jpg 80w, https:\/\/pbagora.s3.amazonaws.com\/2022\/08\/01142333\/bomb-600x404.jpg 600w\" \/><\/p>\n<p>As informa\u00e7\u00f5es sobre o tema tamb\u00e9m repercutiram nas redes sociais.<\/p>\n<p><img decoding=\"async\" class=\"alignnone wp-image-689310 size-large pk-lqip lazyautosizes pk-lazyloaded\" data-src=\"https:\/\/pbagora.s3.amazonaws.com\/2022\/08\/01140227\/fotos-485x1024.jpeg\" data-sizes=\"485px\" data-srcset=\"https:\/\/pbagora.s3.amazonaws.com\/2022\/08\/01140227\/fotos-485x1024.jpeg 485w, https:\/\/pbagora.s3.amazonaws.com\/2022\/08\/01140227\/fotos-142x300.jpeg 142w, https:\/\/pbagora.s3.amazonaws.com\/2022\/08\/01140227\/fotos-71x150.jpeg 71w, https:\/\/pbagora.s3.amazonaws.com\/2022\/08\/01140227\/fotos-380x802.jpeg 380w, https:\/\/pbagora.s3.amazonaws.com\/2022\/08\/01140227\/fotos-80x169.jpeg 80w, https:\/\/pbagora.s3.amazonaws.com\/2022\/08\/01140227\/fotos-38x80.jpeg 38w, https:\/\/pbagora.s3.amazonaws.com\/2022\/08\/01140227\/fotos-284x600.jpeg 284w, https:\/\/pbagora.s3.amazonaws.com\/2022\/08\/01140227\/fotos.jpeg 720w\" alt=\"\" width=\"485\" height=\"1024\" data-pk-sizes=\"auto\" data-ls-sizes=\"(max-width: 485px) 100vw, 485px\" data-pk-data-src=\"https:\/\/pbagora.s3.amazonaws.com\/2022\/08\/01140227\/fotos-485x1024.jpeg\" data-pk-data-srcset=\"https:\/\/pbagora.s3.amazonaws.com\/2022\/08\/01140227\/fotos-485x1024.jpeg 485w, https:\/\/pbagora.s3.amazonaws.com\/2022\/08\/01140227\/fotos-142x300.jpeg 142w, https:\/\/pbagora.s3.amazonaws.com\/2022\/08\/01140227\/fotos-71x150.jpeg 71w, https:\/\/pbagora.s3.amazonaws.com\/2022\/08\/01140227\/fotos-380x802.jpeg 380w, https:\/\/pbagora.s3.amazonaws.com\/2022\/08\/01140227\/fotos-80x169.jpeg 80w, https:\/\/pbagora.s3.amazonaws.com\/2022\/08\/01140227\/fotos-38x80.jpeg 38w, https:\/\/pbagora.s3.amazonaws.com\/2022\/08\/01140227\/fotos-284x600.jpeg 284w, https:\/\/pbagora.s3.amazonaws.com\/2022\/08\/01140227\/fotos.jpeg 720w\" src=\"data:image\/svg+xml;base64,PHN2ZyB3aWR0aD0iMSIgaGVpZ2h0PSIxIiB4bWxucz0iaHR0cDovL3d3dy53My5vcmcvMjAwMC9zdmciPjwvc3ZnPg==\" style=\"--smush-placeholder-width: 485px; --smush-placeholder-aspect-ratio: 485\/1024;\" \/><\/p>\n<p>&nbsp;<\/p>\n<p>Com PB Agora<\/p>\n","protected":false},"excerpt":{"rendered":"<p>O corpo da menina Talita Brito dos Santos, de dois anos, que estava desaparecido desde a tarde de ontem, domingo (31), foi encontrado pelo Corpo&hellip; <\/p>\n","protected":false},"author":6,"featured_media":251846,"comment_status":"closed","ping_status":"closed","sticky":false,"template":"","format":"standard","meta":{"sfsi_plus_gutenberg_text_before_share":"","sfsi_plus_gutenberg_show_text_before_share":"","sfsi_plus_gutenberg_icon_type":"","sfsi_plus_gutenberg_icon_alignemt":"","sfsi_plus_gutenburg_max_per_row":"","footnotes":""},"categories":[104],"tags":[],"class_list":["post-251845","post","type-post","status-publish","format-standard","has-post-thumbnail","hentry","category-paraiba"],"_links":{"self":[{"href":"https:\/\/www.caririemacao.com\/1\/wp-json\/wp\/v2\/posts\/251845","targetHints":{"allow":["GET"]}}],"collection":[{"href":"https:\/\/www.caririemacao.com\/1\/wp-json\/wp\/v2\/posts"}],"about":[{"href":"https:\/\/www.caririemacao.com\/1\/wp-json\/wp\/v2\/types\/post"}],"author":[{"embeddable":true,"href":"https:\/\/www.caririemacao.com\/1\/wp-json\/wp\/v2\/users\/6"}],"replies":[{"embeddable":true,"href":"https:\/\/www.caririemacao.com\/1\/wp-json\/wp\/v2\/comments?post=251845"}],"version-history":[{"count":1,"href":"https:\/\/www.caririemacao.com\/1\/wp-json\/wp\/v2\/posts\/251845\/revisions"}],"predecessor-version":[{"id":251847,"href":"https:\/\/www.caririemacao.com\/1\/wp-json\/wp\/v2\/posts\/251845\/revisions\/251847"}],"wp:featuredmedia":[{"embeddable":true,"href":"https:\/\/www.caririemacao.com\/1\/wp-json\/wp\/v2\/media\/251846"}],"wp:attachment":[{"href":"https:\/\/www.caririemacao.com\/1\/wp-json\/wp\/v2\/media?parent=251845"}],"wp:term":[{"taxonomy":"category","embeddable":true,"href":"https:\/\/www.caririemacao.com\/1\/wp-json\/wp\/v2\/categories?post=251845"},{"taxonomy":"post_tag","embeddable":true,"href":"https:\/\/www.caririemacao.com\/1\/wp-json\/wp\/v2\/tags?post=251845"}],"curies":[{"name":"wp","href":"https:\/\/api.w.org\/{rel}","templated":true}]}}