{"id":251850,"date":"2022-08-01T16:06:17","date_gmt":"2022-08-01T19:06:17","guid":{"rendered":"https:\/\/www.caririemacao.com\/1\/?p=251850"},"modified":"2022-08-01T16:06:17","modified_gmt":"2022-08-01T19:06:17","slug":"por-seguranca-em-evento-com-lula-em-campina-grande-pt-na-paraiba-proibe-mochilas-frutas-inteiras-talheres-e-outros-itens","status":"publish","type":"post","link":"https:\/\/www.caririemacao.com\/1\/2022\/08\/01\/por-seguranca-em-evento-com-lula-em-campina-grande-pt-na-paraiba-proibe-mochilas-frutas-inteiras-talheres-e-outros-itens\/","title":{"rendered":"Por seguran\u00e7a em evento com Lula em Campina Grande, PT na Para\u00edba pro\u00edbe mochilas, frutas inteiras, talheres e outros itens"},"content":{"rendered":"<p>O ex-presidente Lula, pr\u00e9-candidato \u00e0 presid\u00eancia da Rep\u00fablica, estar\u00e1 em Campina Grande nesta ter\u00e7a-feira (2). Para garantir a seguran\u00e7a dele no evento, o PT na Para\u00edba proibiu a entrada no local de pessoas com mochilas e outras bolsas grandes, talheres e frutas inteiras, as quais devem j\u00e1 estar picadas, al\u00e9m de outros objetos.<\/p>\n<p>O evento de pr\u00e9-campanha vai reunir Lula, o pr\u00e9-candidato a governador Veneziano Vital do R\u00eago e o pr\u00e9-candidato a senador, Ricardo Coutinho, al\u00e9m de outras lideran\u00e7as e apoiadores. A vinda de Lula \u00e0 Para\u00edba estava programada para o dia 4, a Jo\u00e3o Pessoa, mas a visita \u00e0 Capital foi cancelada e uma nova agenda foi marcada para acontecer nesta ter\u00e7a-feira, Campina Grande.<\/p>\n<p>Nas redes sociais, o diret\u00f3rio estadual do partido detalhou as proibi\u00e7\u00f5es. Confira abaixo:<\/p>\n<p><em>Sejam bem-vindos ao Ato pela Democracia &#8211; com Lula, Ricardo e Ven\u00e9!*<\/em><\/p>\n<p><em>Pedimos a colabora\u00e7\u00e3o do p\u00fablico para observar algumas normas de seguran\u00e7a:<\/em><\/p>\n<p><em>&#8211; Chegue cedo para evitar filas- o credenciamento tem in\u00edcio \u00e0s 14h (Duas horas da tarde)<\/em><\/p>\n<p><em>&#8211; N\u00e3o ser\u00e1 permitida entrada com garrafas, embalagens de alum\u00ednio, objetos perfurantes, vidro, fogos de artif\u00edcio, sinalizadores<\/em><\/p>\n<p><em>&#8211; \u00c1lcool em gel somente em embalagens de at\u00e9 100ml<\/em><\/p>\n<p><em>&#8211; Alimentos devem estar embalados &#8211; as frutas picadas em recipientes de pl\u00e1stico, os demais, em papel alum\u00ednio e sem talheres<\/em><\/p>\n<p><em>&#8211; S\u00f3 ser\u00e1 permitida entrada de bandeiras sustentadas com tubo de pvc, n\u00e3o poder\u00e1 ser com madeira<\/em><\/p>\n<p><em>&#8211; Recomendamos que n\u00e3o venham de mochilas ou bolsas de maior tamanho<\/em><\/p>\n<p><em>&#8211; Ser\u00e1 disponibilizada \u00e1gua para o p\u00fablico em locais sinalizados<\/em><\/p>\n<p><em>&#8211; P\u00fablico preferencial ter\u00e1 um credenciamento pr\u00f3prio sinalizado e um local exclusivo<\/em><\/p>\n<p><em>&#8211; Autoridades e convidados dos movimentos sociais tamb\u00e9m ter\u00e3o credenciamento em local pr\u00f3prio e orienta\u00e7\u00e3o de representantes dos partidos<\/em><\/p>\n<p><em>&#8211; Acesso ao local do evento ser\u00e1 pelas entradas localizadas na Rua Sebasti\u00e3o Donato<\/em><\/p>\n<div><iframe id=\"instagram-embed-0\" class=\"instagram-media instagram-media-rendered lazyload\" data-src=\"https:\/\/www.instagram.com\/p\/CgsdlDZpOWU\/embed\/captioned\/?cr=1&amp;v=14&amp;wp=540&amp;rd=https%3A%2F%2Fwww.clickpb.com.br&amp;rp=%2Fadmin%2Fportal%2Fportalarticle%2Fadd%2F#%7B%22ci%22%3A0%2C%22os%22%3A1006671.3000000007%2C%22ls%22%3A1006514.9000000004%2C%22le%22%3A1006668.6999999993%7D\" height=\"1405\" frameborder=\"0\" scrolling=\"no\" allowfullscreen=\"allowfullscreen\" data-instgrm-payload-id=\"instagram-media-payload-0\" data-mce-fragment=\"1\" src=\"data:image\/svg+xml;base64,PHN2ZyB3aWR0aD0iMSIgaGVpZ2h0PSIxIiB4bWxucz0iaHR0cDovL3d3dy53My5vcmcvMjAwMC9zdmciPjwvc3ZnPg==\" data-load-mode=\"1\"><\/iframe><\/div>\n<div><\/div>\n<div>Click PB<\/div>\n","protected":false},"excerpt":{"rendered":"<p>O ex-presidente Lula, pr\u00e9-candidato \u00e0 presid\u00eancia da Rep\u00fablica, estar\u00e1 em Campina Grande nesta ter\u00e7a-feira (2). Para garantir a seguran\u00e7a dele no evento, o PT na&hellip; <\/p>\n","protected":false},"author":6,"featured_media":251851,"comment_status":"closed","ping_status":"closed","sticky":false,"template":"","format":"standard","meta":{"sfsi_plus_gutenberg_text_before_share":"","sfsi_plus_gutenberg_show_text_before_share":"","sfsi_plus_gutenberg_icon_type":"","sfsi_plus_gutenberg_icon_alignemt":"","sfsi_plus_gutenburg_max_per_row":"","footnotes":""},"categories":[123],"tags":[],"class_list":["post-251850","post","type-post","status-publish","format-standard","has-post-thumbnail","hentry","category-brasil"],"_links":{"self":[{"href":"https:\/\/www.caririemacao.com\/1\/wp-json\/wp\/v2\/posts\/251850","targetHints":{"allow":["GET"]}}],"collection":[{"href":"https:\/\/www.caririemacao.com\/1\/wp-json\/wp\/v2\/posts"}],"about":[{"href":"https:\/\/www.caririemacao.com\/1\/wp-json\/wp\/v2\/types\/post"}],"author":[{"embeddable":true,"href":"https:\/\/www.caririemacao.com\/1\/wp-json\/wp\/v2\/users\/6"}],"replies":[{"embeddable":true,"href":"https:\/\/www.caririemacao.com\/1\/wp-json\/wp\/v2\/comments?post=251850"}],"version-history":[{"count":1,"href":"https:\/\/www.caririemacao.com\/1\/wp-json\/wp\/v2\/posts\/251850\/revisions"}],"predecessor-version":[{"id":251852,"href":"https:\/\/www.caririemacao.com\/1\/wp-json\/wp\/v2\/posts\/251850\/revisions\/251852"}],"wp:featuredmedia":[{"embeddable":true,"href":"https:\/\/www.caririemacao.com\/1\/wp-json\/wp\/v2\/media\/251851"}],"wp:attachment":[{"href":"https:\/\/www.caririemacao.com\/1\/wp-json\/wp\/v2\/media?parent=251850"}],"wp:term":[{"taxonomy":"category","embeddable":true,"href":"https:\/\/www.caririemacao.com\/1\/wp-json\/wp\/v2\/categories?post=251850"},{"taxonomy":"post_tag","embeddable":true,"href":"https:\/\/www.caririemacao.com\/1\/wp-json\/wp\/v2\/tags?post=251850"}],"curies":[{"name":"wp","href":"https:\/\/api.w.org\/{rel}","templated":true}]}}