{"id":251853,"date":"2022-08-01T18:30:21","date_gmt":"2022-08-01T21:30:21","guid":{"rendered":"https:\/\/www.caririemacao.com\/1\/?p=251853"},"modified":"2022-08-01T18:30:46","modified_gmt":"2022-08-01T21:30:46","slug":"acusado-de-matar-ex-namorada-de-apenas-15-anos-a-facadas-em-zabele-e-condenado-a-17-anos-e-6-meses-de-prisao","status":"publish","type":"post","link":"https:\/\/www.caririemacao.com\/1\/2022\/08\/01\/acusado-de-matar-ex-namorada-de-apenas-15-anos-a-facadas-em-zabele-e-condenado-a-17-anos-e-6-meses-de-prisao\/","title":{"rendered":"Acusado de matar ex-namorada de apenas 15 anos a facadas em Zabel\u00ea \u00e9 condenado a 17 anos e 6 meses de pris\u00e3o"},"content":{"rendered":"<p>O acusado de matar a adolescente Ana Clara Teixeira a facadas foi condenado a 17 anos e 6 meses de pris\u00e3o, por homic\u00eddio doloso qualificado.<\/p>\n<p>Um j\u00fari popular votou com unanimidade pela condena\u00e7\u00e3o, na tarde desta segunda-feira (1\u00ba), ap\u00f3s 8 horas de julgamento. O crime aconteceu h\u00e1 2 anos, quando a v\u00edtima tinha 15 anos de idade, no munic\u00edpio de Zabel\u00ea, Cariri da Para\u00edba.<\/p>\n<p>A audi\u00eancia aconteceu no F\u00f3rum de Monteiro desde o in\u00edcio da manh\u00e3. Foram 7 votos a favor da condena\u00e7\u00e3o e nenhuma oposi\u00e7\u00e3o. Matheus Bezerra dos Santos permanecer\u00e1 na Cadeia P\u00fablica de Monteiro.<\/p>\n<p>O pai da v\u00edtima dep\u00f4s na audi\u00eancia e afirmou que Matheus j\u00e1 era acostumado a agredir a filha dele, durante o relacionamento que eles tiveram. O fim da rela\u00e7\u00e3o inclusive, teria sido o motivo pelo qual ele teria cometido o crime.<\/p>\n<p>O acusado tamb\u00e9m foi ouvido durante a manh\u00e3, confessou o crime, mas negou que teria um hist\u00f3rico de agress\u00e3o contra a ex-namorada. Al\u00e9m disso, disse que estava arrependido do que fez.<\/p>\n","protected":false},"excerpt":{"rendered":"<p>O acusado de matar a adolescente Ana Clara Teixeira a facadas foi condenado a 17 anos e 6 meses de pris\u00e3o, por homic\u00eddio doloso qualificado.&hellip; <\/p>\n","protected":false},"author":6,"featured_media":251854,"comment_status":"closed","ping_status":"closed","sticky":false,"template":"","format":"standard","meta":{"sfsi_plus_gutenberg_text_before_share":"","sfsi_plus_gutenberg_show_text_before_share":"","sfsi_plus_gutenberg_icon_type":"","sfsi_plus_gutenberg_icon_alignemt":"","sfsi_plus_gutenburg_max_per_row":"","footnotes":""},"categories":[97],"tags":[],"class_list":["post-251853","post","type-post","status-publish","format-standard","has-post-thumbnail","hentry","category-zabele"],"_links":{"self":[{"href":"https:\/\/www.caririemacao.com\/1\/wp-json\/wp\/v2\/posts\/251853","targetHints":{"allow":["GET"]}}],"collection":[{"href":"https:\/\/www.caririemacao.com\/1\/wp-json\/wp\/v2\/posts"}],"about":[{"href":"https:\/\/www.caririemacao.com\/1\/wp-json\/wp\/v2\/types\/post"}],"author":[{"embeddable":true,"href":"https:\/\/www.caririemacao.com\/1\/wp-json\/wp\/v2\/users\/6"}],"replies":[{"embeddable":true,"href":"https:\/\/www.caririemacao.com\/1\/wp-json\/wp\/v2\/comments?post=251853"}],"version-history":[{"count":1,"href":"https:\/\/www.caririemacao.com\/1\/wp-json\/wp\/v2\/posts\/251853\/revisions"}],"predecessor-version":[{"id":251855,"href":"https:\/\/www.caririemacao.com\/1\/wp-json\/wp\/v2\/posts\/251853\/revisions\/251855"}],"wp:featuredmedia":[{"embeddable":true,"href":"https:\/\/www.caririemacao.com\/1\/wp-json\/wp\/v2\/media\/251854"}],"wp:attachment":[{"href":"https:\/\/www.caririemacao.com\/1\/wp-json\/wp\/v2\/media?parent=251853"}],"wp:term":[{"taxonomy":"category","embeddable":true,"href":"https:\/\/www.caririemacao.com\/1\/wp-json\/wp\/v2\/categories?post=251853"},{"taxonomy":"post_tag","embeddable":true,"href":"https:\/\/www.caririemacao.com\/1\/wp-json\/wp\/v2\/tags?post=251853"}],"curies":[{"name":"wp","href":"https:\/\/api.w.org\/{rel}","templated":true}]}}