{"id":251878,"date":"2022-08-02T08:49:27","date_gmt":"2022-08-02T11:49:27","guid":{"rendered":"https:\/\/www.caririemacao.com\/1\/?p=251878"},"modified":"2022-08-02T08:49:27","modified_gmt":"2022-08-02T11:49:27","slug":"integrante-do-pcc-que-responde-por-tres-homicidios-e-preso-em-monteiro","status":"publish","type":"post","link":"https:\/\/www.caririemacao.com\/1\/2022\/08\/02\/integrante-do-pcc-que-responde-por-tres-homicidios-e-preso-em-monteiro\/","title":{"rendered":"Integrante do PCC que responde por tr\u00eas hom\u00edcidios \u00e9 preso em Monteiro"},"content":{"rendered":"<p>No dia de ontem foi atendida uma Ocorr\u00eancia de Maria da Penha, em que o acusado fugiu. Ap\u00f3s indagar a v\u00edtima, ela informou que contra o acusado havia um mandado de pris\u00e3o. Pesquisando no INFOSEG o nome informado, n\u00e3o havia registros. No dia de hoje, a FOR\u00c7A T\u00c1TICA DO 11\u00baBPM retornou ao local e com a autoriza\u00e7\u00e3o da v\u00edtima adentrou na resid\u00eancia, mesmo ela informando que o agressor n\u00e3o estava em casa, ele foi localizado escondido em um dos c\u00f4modos.<\/p>\n<p>Ap\u00f3s v\u00e1rias tentativas de verifica\u00e7\u00f5es dos dados apresentados n\u00e3o foi poss\u00edvel localizar o mandado. Ap\u00f3s o contato com a Pol\u00edcia Militar de Pernambuco foi identificado o verdadeiro nome do suspeito, sendo evidenciado o trabalho integrado com a Pol\u00edcia Civil da Para\u00edba, Seccional em Monteiro-PB, o MANDADO DE PRIS\u00c3O em desfavor do acusado.<\/p>\n<p>Em que responde por 03 (tr\u00eas) homic\u00eddios em Pernambuco, roubo, recepta\u00e7\u00e3o e \u00e9 integrante do PCC, meliante de alta periculosidade, foi lhe dado voz de pris\u00e3o e conduzido a Delegacia de Pol\u00edcia Civil de Monteiro-PB, estando a disposi\u00e7\u00e3o da justi\u00e7a. Fruto de alta perseveran\u00e7a e insist\u00eancia em lograr \u00eaxito na ocorr\u00eancia, buscando informa\u00e7\u00f5es desde ontem.<\/p>\n","protected":false},"excerpt":{"rendered":"<p>No dia de ontem foi atendida uma Ocorr\u00eancia de Maria da Penha, em que o acusado fugiu. Ap\u00f3s indagar a v\u00edtima, ela informou que contra&hellip; <\/p>\n","protected":false},"author":6,"featured_media":251879,"comment_status":"closed","ping_status":"closed","sticky":false,"template":"","format":"standard","meta":{"sfsi_plus_gutenberg_text_before_share":"","sfsi_plus_gutenberg_show_text_before_share":"","sfsi_plus_gutenberg_icon_type":"","sfsi_plus_gutenberg_icon_alignemt":"","sfsi_plus_gutenburg_max_per_row":"","footnotes":""},"categories":[81],"tags":[],"class_list":["post-251878","post","type-post","status-publish","format-standard","has-post-thumbnail","hentry","category-monteiro"],"_links":{"self":[{"href":"https:\/\/www.caririemacao.com\/1\/wp-json\/wp\/v2\/posts\/251878","targetHints":{"allow":["GET"]}}],"collection":[{"href":"https:\/\/www.caririemacao.com\/1\/wp-json\/wp\/v2\/posts"}],"about":[{"href":"https:\/\/www.caririemacao.com\/1\/wp-json\/wp\/v2\/types\/post"}],"author":[{"embeddable":true,"href":"https:\/\/www.caririemacao.com\/1\/wp-json\/wp\/v2\/users\/6"}],"replies":[{"embeddable":true,"href":"https:\/\/www.caririemacao.com\/1\/wp-json\/wp\/v2\/comments?post=251878"}],"version-history":[{"count":1,"href":"https:\/\/www.caririemacao.com\/1\/wp-json\/wp\/v2\/posts\/251878\/revisions"}],"predecessor-version":[{"id":251880,"href":"https:\/\/www.caririemacao.com\/1\/wp-json\/wp\/v2\/posts\/251878\/revisions\/251880"}],"wp:featuredmedia":[{"embeddable":true,"href":"https:\/\/www.caririemacao.com\/1\/wp-json\/wp\/v2\/media\/251879"}],"wp:attachment":[{"href":"https:\/\/www.caririemacao.com\/1\/wp-json\/wp\/v2\/media?parent=251878"}],"wp:term":[{"taxonomy":"category","embeddable":true,"href":"https:\/\/www.caririemacao.com\/1\/wp-json\/wp\/v2\/categories?post=251878"},{"taxonomy":"post_tag","embeddable":true,"href":"https:\/\/www.caririemacao.com\/1\/wp-json\/wp\/v2\/tags?post=251878"}],"curies":[{"name":"wp","href":"https:\/\/api.w.org\/{rel}","templated":true}]}}