{"id":251884,"date":"2022-08-02T08:54:17","date_gmt":"2022-08-02T11:54:17","guid":{"rendered":"https:\/\/www.caririemacao.com\/1\/?p=251884"},"modified":"2022-08-02T08:54:17","modified_gmt":"2022-08-02T11:54:17","slug":"na-paraiba-pericia-conclui-que-menina-de-dois-anos-morreu-por-afogamento","status":"publish","type":"post","link":"https:\/\/www.caririemacao.com\/1\/2022\/08\/02\/na-paraiba-pericia-conclui-que-menina-de-dois-anos-morreu-por-afogamento\/","title":{"rendered":"Na Para\u00edba: Per\u00edcia conclui que menina de dois anos morreu por afogamento"},"content":{"rendered":"<p>A per\u00edcia realizada no corpo da menina de dois anos encontrada morta na zona rural de Montadas concluiu que a morte da crian\u00e7a se deu por afogamento. O laudo \u00e9 do N\u00facleo de Medicina e Odontologia Legal (Numol) de Campina Grande e foi finalizado na noite de segunda-feira (1\u00ba). A pol\u00edcia segue investigando o caso.<\/p>\n<p>Segundo o diretor M\u00e1rcio Leandro, o exame confirmou a causa da morte e apontou que n\u00e3o foram identificados sinais de viol\u00eancia na menina. \u201cN\u00e3o havia sinal externo de trauma e foi verificado congest\u00e3o poliviceral compat\u00edvel com sinais reais de afogamento com intensa quantidade de l\u00edquidos em vias a\u00e9reas e digestivas caracter\u00edsticas de afogamento\u201d, disse o diretor.<\/p>\n<p>Thalita Brito dos Santos foi encontrada morta dentro de um barreiro depois de ter desaparecido na noite de domingo quando brincava em um s\u00edtio na Zona Rural do munic\u00edpio. A suspeita era de que a garotinha poderia ter sido raptada por dois homens em uma moto.<\/p>\n<p>O barreiro fica a 300 metros de onde ela residia. O corpo da crian\u00e7a foi localizado por bombeiros que, ap\u00f3s o comunicado de desaparecimento, auxiliaram nas buscas pela regi\u00e3o.<\/p>\n<p>O corpo dela ser\u00e1 velado na C\u00e2mara Municipal de Montas e enterrado no cemit\u00e9rio p\u00fablico da cidade.<\/p>\n<p>MaisPB<\/p>\n","protected":false},"excerpt":{"rendered":"<p>A per\u00edcia realizada no corpo da menina de dois anos encontrada morta na zona rural de Montadas concluiu que a morte da crian\u00e7a se deu&hellip; <\/p>\n","protected":false},"author":6,"featured_media":251885,"comment_status":"closed","ping_status":"closed","sticky":false,"template":"","format":"standard","meta":{"sfsi_plus_gutenberg_text_before_share":"","sfsi_plus_gutenberg_show_text_before_share":"","sfsi_plus_gutenberg_icon_type":"","sfsi_plus_gutenberg_icon_alignemt":"","sfsi_plus_gutenburg_max_per_row":"","footnotes":""},"categories":[104],"tags":[],"class_list":["post-251884","post","type-post","status-publish","format-standard","has-post-thumbnail","hentry","category-paraiba"],"_links":{"self":[{"href":"https:\/\/www.caririemacao.com\/1\/wp-json\/wp\/v2\/posts\/251884","targetHints":{"allow":["GET"]}}],"collection":[{"href":"https:\/\/www.caririemacao.com\/1\/wp-json\/wp\/v2\/posts"}],"about":[{"href":"https:\/\/www.caririemacao.com\/1\/wp-json\/wp\/v2\/types\/post"}],"author":[{"embeddable":true,"href":"https:\/\/www.caririemacao.com\/1\/wp-json\/wp\/v2\/users\/6"}],"replies":[{"embeddable":true,"href":"https:\/\/www.caririemacao.com\/1\/wp-json\/wp\/v2\/comments?post=251884"}],"version-history":[{"count":1,"href":"https:\/\/www.caririemacao.com\/1\/wp-json\/wp\/v2\/posts\/251884\/revisions"}],"predecessor-version":[{"id":251886,"href":"https:\/\/www.caririemacao.com\/1\/wp-json\/wp\/v2\/posts\/251884\/revisions\/251886"}],"wp:featuredmedia":[{"embeddable":true,"href":"https:\/\/www.caririemacao.com\/1\/wp-json\/wp\/v2\/media\/251885"}],"wp:attachment":[{"href":"https:\/\/www.caririemacao.com\/1\/wp-json\/wp\/v2\/media?parent=251884"}],"wp:term":[{"taxonomy":"category","embeddable":true,"href":"https:\/\/www.caririemacao.com\/1\/wp-json\/wp\/v2\/categories?post=251884"},{"taxonomy":"post_tag","embeddable":true,"href":"https:\/\/www.caririemacao.com\/1\/wp-json\/wp\/v2\/tags?post=251884"}],"curies":[{"name":"wp","href":"https:\/\/api.w.org\/{rel}","templated":true}]}}