{"id":251888,"date":"2022-08-02T08:58:33","date_gmt":"2022-08-02T11:58:33","guid":{"rendered":"https:\/\/www.caririemacao.com\/1\/?p=251888"},"modified":"2022-08-02T08:58:33","modified_gmt":"2022-08-02T11:58:33","slug":"evento-com-prefeitos-e-lucas-ribeiro-oficializa-alianca-de-chico-mendes-e-marmuthe","status":"publish","type":"post","link":"https:\/\/www.caririemacao.com\/1\/2022\/08\/02\/evento-com-prefeitos-e-lucas-ribeiro-oficializa-alianca-de-chico-mendes-e-marmuthe\/","title":{"rendered":"Evento com prefeitos e Lucas Ribeiro oficializa alian\u00e7a de Chico Mendes e Marmuthe"},"content":{"rendered":"<p>Com a presen\u00e7a de dez prefeitos, o pr\u00e9-candidato a vice-governador Lucas Ribeiro (PP), vereadores e lideran\u00e7as de bairros de Jo\u00e3o Pessoa, Chico Mendes (PSB) pr\u00e9-candidato a deputado estadual e Marmuthe Cavalcante (Republicanos), pr\u00e9-candidato a deputado federal, oficializaram a dobradinha na capital paraibana. O evento aconteceu na noite desta segunda-feira na casa de recep\u00e7\u00f5es La Tert\u00falia, Zona Sul da capital paraibana.<\/p>\n<p>Chico Mendes fez um discurso forte e aproveitou para destacar a parceria com a gest\u00e3o estadual e com o governador Jo\u00e3o Azev\u00eado. O socialista enalteceu o trabalho e aproveitou para parabenizar a escolha de Lucas Ribeiro para a disputa nas elei\u00e7\u00f5es deste ano, e lembrou da col\u00f4nia sertaneja em Jo\u00e3o Pessoa.<\/p>\n<p>A Para\u00edba precisa continuar crescendo e esse projeto que fa\u00e7o parte n\u00e3o pode parar por aqui. Lucas representa a nova gera\u00e7\u00e3o da pol\u00edtica, e os sertanejos e pessoenses ter\u00e3o que acreditar nesse conceito administrativo que deu resultado. Pe\u00e7o com carinho que vejam essas propostas e ofere\u00e7o meu nome para represent\u00e1-los na Assembleia. Quero essa oportunidade\u201d, disse Chico Mendes.<\/p>\n<p>MaisPB<\/p>\n","protected":false},"excerpt":{"rendered":"<p>Com a presen\u00e7a de dez prefeitos, o pr\u00e9-candidato a vice-governador Lucas Ribeiro (PP), vereadores e lideran\u00e7as de bairros de Jo\u00e3o Pessoa, Chico Mendes (PSB) pr\u00e9-candidato&hellip; <\/p>\n","protected":false},"author":6,"featured_media":251889,"comment_status":"closed","ping_status":"closed","sticky":false,"template":"","format":"standard","meta":{"sfsi_plus_gutenberg_text_before_share":"","sfsi_plus_gutenberg_show_text_before_share":"","sfsi_plus_gutenberg_icon_type":"","sfsi_plus_gutenberg_icon_alignemt":"","sfsi_plus_gutenburg_max_per_row":"","footnotes":""},"categories":[104],"tags":[],"class_list":["post-251888","post","type-post","status-publish","format-standard","has-post-thumbnail","hentry","category-paraiba"],"_links":{"self":[{"href":"https:\/\/www.caririemacao.com\/1\/wp-json\/wp\/v2\/posts\/251888","targetHints":{"allow":["GET"]}}],"collection":[{"href":"https:\/\/www.caririemacao.com\/1\/wp-json\/wp\/v2\/posts"}],"about":[{"href":"https:\/\/www.caririemacao.com\/1\/wp-json\/wp\/v2\/types\/post"}],"author":[{"embeddable":true,"href":"https:\/\/www.caririemacao.com\/1\/wp-json\/wp\/v2\/users\/6"}],"replies":[{"embeddable":true,"href":"https:\/\/www.caririemacao.com\/1\/wp-json\/wp\/v2\/comments?post=251888"}],"version-history":[{"count":1,"href":"https:\/\/www.caririemacao.com\/1\/wp-json\/wp\/v2\/posts\/251888\/revisions"}],"predecessor-version":[{"id":251890,"href":"https:\/\/www.caririemacao.com\/1\/wp-json\/wp\/v2\/posts\/251888\/revisions\/251890"}],"wp:featuredmedia":[{"embeddable":true,"href":"https:\/\/www.caririemacao.com\/1\/wp-json\/wp\/v2\/media\/251889"}],"wp:attachment":[{"href":"https:\/\/www.caririemacao.com\/1\/wp-json\/wp\/v2\/media?parent=251888"}],"wp:term":[{"taxonomy":"category","embeddable":true,"href":"https:\/\/www.caririemacao.com\/1\/wp-json\/wp\/v2\/categories?post=251888"},{"taxonomy":"post_tag","embeddable":true,"href":"https:\/\/www.caririemacao.com\/1\/wp-json\/wp\/v2\/tags?post=251888"}],"curies":[{"name":"wp","href":"https:\/\/api.w.org\/{rel}","templated":true}]}}