{"id":25249,"date":"2017-08-03T14:24:32","date_gmt":"2017-08-03T17:24:32","guid":{"rendered":"http:\/\/caririemacao.com\/1\/?p=25249"},"modified":"2017-08-03T19:58:22","modified_gmt":"2017-08-03T22:58:22","slug":"camalau-grupo-de-educacao-fisica-vo-ines-incia-atividades","status":"publish","type":"post","link":"https:\/\/www.caririemacao.com\/1\/2017\/08\/03\/camalau-grupo-de-educacao-fisica-vo-ines-incia-atividades\/","title":{"rendered":"Camala\u00fa: Grupo de educa\u00e7\u00e3o f\u00edsica \u201cV\u00f3 In\u00eas\u201d inicia atividades"},"content":{"rendered":"<p>Nesta quarta feira aconteceu no Centro de Educa\u00e7\u00e3o e Cultura uma reuni\u00e3o para a funda\u00e7\u00e3o e inscri\u00e7\u00e3o no grupo de atividades f\u00edsicas \u201cV\u00f3 In\u00eas\u201d.<\/p>\n<p>A noite iniciou com as falas do secret\u00e1rio de sa\u00fade Paulo Medeiros e do vereador Bhira Mariano, que ali estava representando a fam\u00edlia de sua v\u00f3 materna, homenageada com o nome do grupo. Logo ap\u00f3s este momento, aconteceu uma palestra com o professor de Educa\u00e7\u00e3o F\u00edsica da rede municipal de ensino Edil\u00e2nio; ele que ser\u00e1 o instrutor deste projeto.<\/p>\n<p>Quem esteve presente o evento foi o Prefeito Sandro M\u00f4co e a primeira dama Rosiv\u00e2nia Chaves (neta da homenageada com o nome do grupo) e o Vice Prefeito Kiel.<\/p>\n<p>O projeto visa trazer melhor qualidade de vida atrav\u00e9s do exerc\u00edcio f\u00edsico. O grupo \u00e9 aberto \u00e0\u00a0pessoas de todas as faixas et\u00e1rias, mas o pedido partiu de senhoras da terceira idade, pedido este atendido pelo Prefeito Sandro, que incumbiu o Secret\u00e1rio de Sa\u00fade Paulo Medeiros para que fizesse a instala\u00e7\u00e3o do grupo.<\/p>\n<p><strong>CARIRI EM A\u00c7\u00c3O<\/strong><\/p>\n<p><em>Com DCS\/Foto: Google<\/em><\/p>\n<p><strong>Leia mais not\u00edcias em\u00a0<\/strong><a href=\"http:\/\/www.caririemacao.com\/\"><strong>caririemacao.com<\/strong><\/a><strong>, siga nossa p\u00e1gina no\u00a0<\/strong><a href=\"https:\/\/www.facebook.com\/CaririEmAcao\/?ref=aymt_homepage_panel\"><strong>Facebook<\/strong><\/a>,<strong>\u00a0<\/strong><a href=\"https:\/\/www.instagram.com\/cariri_em_acao\/?hl=pt-br\"><strong>Instagram<\/strong><\/a><strong>\u00a0e <\/strong><a href=\"https:\/\/www.youtube.com\/channel\/UCAptA0jQuYQy8vMhLt2m4qg\"><strong>Youtube<\/strong><\/a><strong>\u00a0e veja nossas mat\u00e9rias, v\u00eddeos e fotos. Voc\u00ea tamb\u00e9m pode enviar informa\u00e7\u00f5es \u00e0 Reda\u00e7\u00e3o do Portal Cariri em A\u00e7\u00e3o pelo WhatsApp (83) 9 9634.5791, (83) 9 9601-1162.<\/strong><\/p>\n","protected":false},"excerpt":{"rendered":"<p>Nesta quarta feira aconteceu no Centro de Educa\u00e7\u00e3o e Cultura uma reuni\u00e3o para a funda\u00e7\u00e3o e inscri\u00e7\u00e3o no grupo de atividades f\u00edsicas \u201cV\u00f3 In\u00eas\u201d. A&hellip; <\/p>\n","protected":false},"author":2,"featured_media":25250,"comment_status":"closed","ping_status":"closed","sticky":false,"template":"","format":"standard","meta":{"sfsi_plus_gutenberg_text_before_share":"","sfsi_plus_gutenberg_show_text_before_share":"","sfsi_plus_gutenberg_icon_type":"","sfsi_plus_gutenberg_icon_alignemt":"","sfsi_plus_gutenburg_max_per_row":"","footnotes":""},"categories":[6],"tags":[],"class_list":["post-25249","post","type-post","status-publish","format-standard","has-post-thumbnail","hentry","category-cidades"],"_links":{"self":[{"href":"https:\/\/www.caririemacao.com\/1\/wp-json\/wp\/v2\/posts\/25249","targetHints":{"allow":["GET"]}}],"collection":[{"href":"https:\/\/www.caririemacao.com\/1\/wp-json\/wp\/v2\/posts"}],"about":[{"href":"https:\/\/www.caririemacao.com\/1\/wp-json\/wp\/v2\/types\/post"}],"author":[{"embeddable":true,"href":"https:\/\/www.caririemacao.com\/1\/wp-json\/wp\/v2\/users\/2"}],"replies":[{"embeddable":true,"href":"https:\/\/www.caririemacao.com\/1\/wp-json\/wp\/v2\/comments?post=25249"}],"version-history":[{"count":0,"href":"https:\/\/www.caririemacao.com\/1\/wp-json\/wp\/v2\/posts\/25249\/revisions"}],"wp:featuredmedia":[{"embeddable":true,"href":"https:\/\/www.caririemacao.com\/1\/wp-json\/wp\/v2\/media\/25250"}],"wp:attachment":[{"href":"https:\/\/www.caririemacao.com\/1\/wp-json\/wp\/v2\/media?parent=25249"}],"wp:term":[{"taxonomy":"category","embeddable":true,"href":"https:\/\/www.caririemacao.com\/1\/wp-json\/wp\/v2\/categories?post=25249"},{"taxonomy":"post_tag","embeddable":true,"href":"https:\/\/www.caririemacao.com\/1\/wp-json\/wp\/v2\/tags?post=25249"}],"curies":[{"name":"wp","href":"https:\/\/api.w.org\/{rel}","templated":true}]}}