{"id":25252,"date":"2017-08-03T16:36:28","date_gmt":"2017-08-03T19:36:28","guid":{"rendered":"http:\/\/caririemacao.com\/1\/?p=25252"},"modified":"2017-08-03T16:42:34","modified_gmt":"2017-08-03T19:42:34","slug":"prefeito-de-sao-sebastiao-do-umbuzeiro-participa-do-eat-pb-2017-encontro-de-administradores-tributarios-da-pb","status":"publish","type":"post","link":"https:\/\/www.caririemacao.com\/1\/2017\/08\/03\/prefeito-de-sao-sebastiao-do-umbuzeiro-participa-do-eat-pb-2017-encontro-de-administradores-tributarios-da-pb\/","title":{"rendered":"Prefeito de S\u00e3o Sebasti\u00e3o do Umbuzeiro participa do EAT-PB 2017 Encontro de Administradores Tribut\u00e1rios da PB"},"content":{"rendered":"<p>O prefeito de S\u00e3o Sebasti\u00e3o do Umbuzeiro, Adriano Wolff, est\u00e1 participando, nesta quinta-feira 03 e sexta-feira dia 04, do Encontro de Administradores Tribut\u00e1rios da Para\u00edba (EAT-PB 2017), que re\u00fane prefeitos, secret\u00e1rios e administradores tribut\u00e1rios de toda a Para\u00edba.<\/p>\n<p>Realizado pela Receita Federal e Tribunal de Contas da Para\u00edba, o evento tem como objetivo orientar e repassar conhecimento aos gestores para que os mesmos consigam melhorar a arrecada\u00e7\u00e3o tribut\u00e1ria dentro dos munic\u00edpios sem atingir a popula\u00e7\u00e3o.<\/p>\n<p>O 1\u00ba Encontro de Administradores Tribut\u00e1rios da Para\u00edba (EAT-PB), esta sendo realizado nos dias 3 e 4 de agosto, no audit\u00f3rio do Centro Cultural Ariano Suassuna do Tribunal de Contas do Estado (TCE), em Jo\u00e3o Pessoa.<\/p>\n<p>\u201cEstamos nos capacitando e preparando uma equipe para que n\u00f3s possamos aumentar a entrada de recursos para o munic\u00edpio e assim aumentando nossos investimentos na infraestrutura, Sa\u00fade e educa\u00e7\u00e3o\u201d. Enfatizou o prefeito Adriano Wolff.<\/p>\n<div>\n<p><strong>CARIRI EM A\u00c7\u00c3O<\/strong><em>Com Blog do Didi\/Foto: DiDi<\/em><\/p>\n<p><strong>Leia mais not\u00edcias em\u00a0<\/strong><a href=\"http:\/\/www.caririemacao.com\/\"><strong>caririemacao.com<\/strong><\/a><strong>, siga nossa p\u00e1gina no\u00a0<\/strong><a href=\"https:\/\/www.facebook.com\/CaririEmAcao\/?ref=aymt_homepage_panel\"><strong>Facebook<\/strong><\/a>,<strong>\u00a0<\/strong><a href=\"https:\/\/www.instagram.com\/cariri_em_acao\/?hl=pt-br\"><strong>Instagram<\/strong><\/a><strong>\u00a0e <\/strong><a href=\"https:\/\/www.youtube.com\/channel\/UCAptA0jQuYQy8vMhLt2m4qg\"><strong>Youtube<\/strong><\/a><strong>\u00a0e veja nossas mat\u00e9rias, v\u00eddeos e fotos. Voc\u00ea tamb\u00e9m pode enviar informa\u00e7\u00f5es \u00e0 Reda\u00e7\u00e3o do Portal Cariri em A\u00e7\u00e3o pelo WhatsApp (83) 9 9634.5791, (83) 9 9601-1162.<\/strong><\/p>\n<\/div>\n","protected":false},"excerpt":{"rendered":"<p>O prefeito de S\u00e3o Sebasti\u00e3o do Umbuzeiro, Adriano Wolff, est\u00e1 participando, nesta quinta-feira 03 e sexta-feira dia 04, do Encontro de Administradores Tribut\u00e1rios da Para\u00edba&hellip; <\/p>\n","protected":false},"author":2,"featured_media":25253,"comment_status":"closed","ping_status":"closed","sticky":false,"template":"","format":"standard","meta":{"sfsi_plus_gutenberg_text_before_share":"","sfsi_plus_gutenberg_show_text_before_share":"","sfsi_plus_gutenberg_icon_type":"","sfsi_plus_gutenberg_icon_alignemt":"","sfsi_plus_gutenburg_max_per_row":"","footnotes":""},"categories":[11],"tags":[],"class_list":["post-25252","post","type-post","status-publish","format-standard","has-post-thumbnail","hentry","category-politica"],"_links":{"self":[{"href":"https:\/\/www.caririemacao.com\/1\/wp-json\/wp\/v2\/posts\/25252","targetHints":{"allow":["GET"]}}],"collection":[{"href":"https:\/\/www.caririemacao.com\/1\/wp-json\/wp\/v2\/posts"}],"about":[{"href":"https:\/\/www.caririemacao.com\/1\/wp-json\/wp\/v2\/types\/post"}],"author":[{"embeddable":true,"href":"https:\/\/www.caririemacao.com\/1\/wp-json\/wp\/v2\/users\/2"}],"replies":[{"embeddable":true,"href":"https:\/\/www.caririemacao.com\/1\/wp-json\/wp\/v2\/comments?post=25252"}],"version-history":[{"count":0,"href":"https:\/\/www.caririemacao.com\/1\/wp-json\/wp\/v2\/posts\/25252\/revisions"}],"wp:featuredmedia":[{"embeddable":true,"href":"https:\/\/www.caririemacao.com\/1\/wp-json\/wp\/v2\/media\/25253"}],"wp:attachment":[{"href":"https:\/\/www.caririemacao.com\/1\/wp-json\/wp\/v2\/media?parent=25252"}],"wp:term":[{"taxonomy":"category","embeddable":true,"href":"https:\/\/www.caririemacao.com\/1\/wp-json\/wp\/v2\/categories?post=25252"},{"taxonomy":"post_tag","embeddable":true,"href":"https:\/\/www.caririemacao.com\/1\/wp-json\/wp\/v2\/tags?post=25252"}],"curies":[{"name":"wp","href":"https:\/\/api.w.org\/{rel}","templated":true}]}}