{"id":25261,"date":"2017-08-03T20:18:00","date_gmt":"2017-08-03T23:18:00","guid":{"rendered":"http:\/\/caririemacao.com\/1\/?p=25261"},"modified":"2017-08-03T20:19:29","modified_gmt":"2017-08-03T23:19:29","slug":"mais-de-40-de-deputados-pro-temer-sao-investigados","status":"publish","type":"post","link":"https:\/\/www.caririemacao.com\/1\/2017\/08\/03\/mais-de-40-de-deputados-pro-temer-sao-investigados\/","title":{"rendered":"Mais de 40% de deputados pr\u00f3-Temer s\u00e3o investigados"},"content":{"rendered":"<p>Mais de 40% dos 263 deputados federais que votaram para livrar o presidente Michel Temer (PMDB) de um eventual julgamento no STF (Supremo Tribunal Federal) respondem a inqu\u00e9ritos ou s\u00e3o r\u00e9us em a\u00e7\u00f5es penais em andamento na Corte.<\/p>\n<p>Levantamento com base na pesquisa sobre a situa\u00e7\u00e3o criminal dos parlamentares no Supremo, divulgada na semana passada pelo site &#8220;Congresso em Foco&#8221;,\u00a0identificou que 110 parlamentares com alguma pend\u00eancia na Justi\u00e7a votaram &#8220;sim&#8221; ao parecer do deputado Paulo Abi-Ackel (PSDB-MG) na sess\u00e3o desta quarta-feira (2).<\/p>\n<p>O relat\u00f3rio, aprovado na CCJ (Comiss\u00e3o de Constitui\u00e7\u00e3o e Justi\u00e7a da C\u00e2mara) no m\u00eas passado, recomendou a rejei\u00e7\u00e3o da den\u00fancia apresentada pela PGR (Procuradoria-Geral da Rep\u00fablica) contra Temer, pelo crime de corrup\u00e7\u00e3o passiva.<\/p>\n<p>Entre os 227 deputados favor\u00e1veis \u00e0 admissibilidade do processo -que seria analisado pelo STF caso houvesse autoriza\u00e7\u00e3o da C\u00e2mara-, 62 s\u00e3o alvos de algum procedimento investigat\u00f3rio no Supremo. Essa quantidade representa 27% do total de votos. Outros seis parlamentares nessa situa\u00e7\u00e3o faltaram \u00e0 sess\u00e3o.<\/p>\n<p><strong>CARIRI EM A\u00c7\u00c3O<\/strong><\/p>\n<p><strong>Leia mais not\u00edcias em\u00a0<\/strong><a href=\"http:\/\/www.caririemacao.com\/\"><strong>caririemacao.com<\/strong><\/a><strong>, siga nossa p\u00e1gina no\u00a0<\/strong><a href=\"https:\/\/www.facebook.com\/CaririEmAcao\/?ref=aymt_homepage_panel\"><strong>Facebook<\/strong><\/a>,<strong>\u00a0<a href=\"https:\/\/www.instagram.com\/cariri_em_acao\/?hl=pt-br\">Instagram<\/a>\u00a0e <\/strong><a href=\"https:\/\/www.youtube.com\/channel\/UCAptA0jQuYQy8vMhLt2m4qg\"><strong>Youtube<\/strong><\/a><strong>\u00a0e veja nossas mat\u00e9rias, v\u00eddeos e fotos. Voc\u00ea tamb\u00e9m pode enviar informa\u00e7\u00f5es \u00e0 Reda\u00e7\u00e3o do Portal Cariri em A\u00e7\u00e3o pelo WhatsApp (83) 9 9634.5791, (83) 9 9601-1162.<\/strong><\/p>\n","protected":false},"excerpt":{"rendered":"<p>Mais de 40% dos 263 deputados federais que votaram para livrar o presidente Michel Temer (PMDB) de um eventual julgamento no STF (Supremo Tribunal Federal)&hellip; <\/p>\n","protected":false},"author":2,"featured_media":25259,"comment_status":"closed","ping_status":"closed","sticky":false,"template":"","format":"standard","meta":{"sfsi_plus_gutenberg_text_before_share":"","sfsi_plus_gutenberg_show_text_before_share":"","sfsi_plus_gutenberg_icon_type":"","sfsi_plus_gutenberg_icon_alignemt":"","sfsi_plus_gutenburg_max_per_row":"","footnotes":""},"categories":[11],"tags":[],"class_list":["post-25261","post","type-post","status-publish","format-standard","has-post-thumbnail","hentry","category-politica"],"_links":{"self":[{"href":"https:\/\/www.caririemacao.com\/1\/wp-json\/wp\/v2\/posts\/25261","targetHints":{"allow":["GET"]}}],"collection":[{"href":"https:\/\/www.caririemacao.com\/1\/wp-json\/wp\/v2\/posts"}],"about":[{"href":"https:\/\/www.caririemacao.com\/1\/wp-json\/wp\/v2\/types\/post"}],"author":[{"embeddable":true,"href":"https:\/\/www.caririemacao.com\/1\/wp-json\/wp\/v2\/users\/2"}],"replies":[{"embeddable":true,"href":"https:\/\/www.caririemacao.com\/1\/wp-json\/wp\/v2\/comments?post=25261"}],"version-history":[{"count":0,"href":"https:\/\/www.caririemacao.com\/1\/wp-json\/wp\/v2\/posts\/25261\/revisions"}],"wp:featuredmedia":[{"embeddable":true,"href":"https:\/\/www.caririemacao.com\/1\/wp-json\/wp\/v2\/media\/25259"}],"wp:attachment":[{"href":"https:\/\/www.caririemacao.com\/1\/wp-json\/wp\/v2\/media?parent=25261"}],"wp:term":[{"taxonomy":"category","embeddable":true,"href":"https:\/\/www.caririemacao.com\/1\/wp-json\/wp\/v2\/categories?post=25261"},{"taxonomy":"post_tag","embeddable":true,"href":"https:\/\/www.caririemacao.com\/1\/wp-json\/wp\/v2\/tags?post=25261"}],"curies":[{"name":"wp","href":"https:\/\/api.w.org\/{rel}","templated":true}]}}