{"id":25271,"date":"2017-08-04T08:53:35","date_gmt":"2017-08-04T11:53:35","guid":{"rendered":"http:\/\/caririemacao.com\/1\/?p=25271"},"modified":"2017-08-04T08:53:35","modified_gmt":"2017-08-04T11:53:35","slug":"pense-numa-novela-justica-no-rj-suspende-alta-de-combustiveis-em-todo-o-brasil","status":"publish","type":"post","link":"https:\/\/www.caririemacao.com\/1\/2017\/08\/04\/pense-numa-novela-justica-no-rj-suspende-alta-de-combustiveis-em-todo-o-brasil\/","title":{"rendered":"PENSE NUMA NOVELA: Justi\u00e7a no RJ suspende alta de combust\u00edveis em todo o Brasil"},"content":{"rendered":"<div class=\"colMain\">\n<div class=\"articleData \">\n<p class=\"text\">O juiz federal Ubiratan Cruz Rodrigues, da 1\u00aa Vara Federal de Maca\u00e9 (RJ), determinou, em car\u00e1ter liminar, a suspens\u00e3o do aumento do pre\u00e7o dos combust\u00edveis em todo o pa\u00eds. Ele atendeu a uma a\u00e7\u00e3o popular contra os efeitos do decreto assinado pelo presidente Michel Temer, no \u00faltimo dia 20, que aumentou as al\u00edquotas do Programa de Integra\u00e7\u00e3o Social (PIS) e da Contribui\u00e7\u00e3o para o Financiamento da Seguridade Social (Cofins) sobre a comercializa\u00e7\u00e3o de gasolina, \u00f3leo diesel e etanol.<\/p>\n<p class=\"text\">Quem entrou com a a\u00e7\u00e3o foi o advogado D\u00e9cio Machado Borba Netto. A decis\u00e3o da 1\u00aa Vara foi tomada no \u00faltimo dia 31, mas somente divulgada nesta quinta-feira (3). Netto sustentou que o decreto, ao aumentar as al\u00edquotas das contribui\u00e7\u00f5es sobre combust\u00edveis, afrontou diversos princ\u00edpios constitucionais, entre eles o da chamada noventena, que exige que qualquer mudan\u00e7a tribut\u00e1ria s\u00f3 pode ser feita depois de 90 dias da publica\u00e7\u00e3o da lei que a instituiu.<\/p>\n<p class=\"text\">Em sua decis\u00e3o, o magistrado destacou que &#8220;\u00e9 for\u00e7oso reconhecer que o decreto impugnado \u00e9 inconstitucional e merece ser suspenso em liminar. O perigo da demora existe, tendo em vista os preju\u00edzos \u00e0 popula\u00e7\u00e3o decorrentes da aplica\u00e7\u00e3o de um aumento inconstitucional de tributos. Ante o exposto, defiro o pedido de tutela de urg\u00eancia para suspender todos os efeitos do decreto&#8221;, diz o texto.<\/p>\n<p class=\"text\">Esse \u00e9 a terceira liminar aceita pela Justi\u00e7a que determina a suspens\u00e3o do aumento dos tributos sobre combust\u00edveis. As duas anteriores, no Distrito Federal e na Para\u00edba, foram suspensas depois que a Advocacia-Geral da Uni\u00e3o (AGU) recorreu das decis\u00f5es.<\/p>\n<p class=\"text\"><strong>Al\u00edquotas<\/strong><\/p>\n<p class=\"text\">O reajuste nas al\u00edquotas do PIS\/Cofins sobre a gasolina, o diesel e o etanol foi determinado por meio de decreto presidencial no dia 20 de julho.\u00a0 A al\u00edquota subiu de R$ 0,3816 para R$ 0,7925 para o litro da gasolina e de R$ 0,2480 para R$ 0,4615 para o diesel nas refinarias. Para o litro do etanol, a al\u00edquota passoude R$ 0,12 para R$ 0,1309 para o produtor. Para o distribuidor, a al\u00edquota, antes zerada, aumentou para R$ 0,1964.<\/p>\n<p class=\"text\"><strong>CARIRI EM A\u00c7\u00c3O<\/strong><\/p>\n<div class=\"articleCredit\">\n<div>\n<p><em>Com\u00a0<\/em><span class=\"creditText\">Ag\u00eancia Brasil<\/span><em>\/Foto: Google<\/em><\/p>\n<p><strong>Leia mais not\u00edcias em\u00a0<\/strong><a href=\"http:\/\/www.caririemacao.com\/\"><strong>caririemacao.com<\/strong><\/a><strong>, siga nossa p\u00e1gina no\u00a0<\/strong><a href=\"https:\/\/www.facebook.com\/CaririEmAcao\/?ref=aymt_homepage_panel\"><strong>Facebook<\/strong><\/a>,<strong>\u00a0<\/strong><a href=\"https:\/\/www.instagram.com\/cariri_em_acao\/?hl=pt-br\"><strong>Instagram<\/strong><\/a><strong>\u00a0e <\/strong><a href=\"https:\/\/www.youtube.com\/channel\/UCAptA0jQuYQy8vMhLt2m4qg\"><strong>Youtube<\/strong><\/a><strong>\u00a0e veja nossas mat\u00e9rias, v\u00eddeos e fotos. Voc\u00ea tamb\u00e9m pode enviar informa\u00e7\u00f5es \u00e0 Reda\u00e7\u00e3o do Portal Cariri em A\u00e7\u00e3o pelo WhatsApp (83) 9 9634.5791, (83) 9 9601-1162.<\/strong><\/p>\n<\/div>\n<\/div>\n<\/div>\n<\/div>\n","protected":false},"excerpt":{"rendered":"<p>O juiz federal Ubiratan Cruz Rodrigues, da 1\u00aa Vara Federal de Maca\u00e9 (RJ), determinou, em car\u00e1ter liminar, a suspens\u00e3o do aumento do pre\u00e7o dos combust\u00edveis&hellip; <\/p>\n","protected":false},"author":2,"featured_media":25272,"comment_status":"closed","ping_status":"closed","sticky":false,"template":"","format":"standard","meta":{"sfsi_plus_gutenberg_text_before_share":"","sfsi_plus_gutenberg_show_text_before_share":"","sfsi_plus_gutenberg_icon_type":"","sfsi_plus_gutenberg_icon_alignemt":"","sfsi_plus_gutenburg_max_per_row":"","footnotes":""},"categories":[2],"tags":[],"class_list":["post-25271","post","type-post","status-publish","format-standard","has-post-thumbnail","hentry","category-geral"],"_links":{"self":[{"href":"https:\/\/www.caririemacao.com\/1\/wp-json\/wp\/v2\/posts\/25271","targetHints":{"allow":["GET"]}}],"collection":[{"href":"https:\/\/www.caririemacao.com\/1\/wp-json\/wp\/v2\/posts"}],"about":[{"href":"https:\/\/www.caririemacao.com\/1\/wp-json\/wp\/v2\/types\/post"}],"author":[{"embeddable":true,"href":"https:\/\/www.caririemacao.com\/1\/wp-json\/wp\/v2\/users\/2"}],"replies":[{"embeddable":true,"href":"https:\/\/www.caririemacao.com\/1\/wp-json\/wp\/v2\/comments?post=25271"}],"version-history":[{"count":0,"href":"https:\/\/www.caririemacao.com\/1\/wp-json\/wp\/v2\/posts\/25271\/revisions"}],"wp:featuredmedia":[{"embeddable":true,"href":"https:\/\/www.caririemacao.com\/1\/wp-json\/wp\/v2\/media\/25272"}],"wp:attachment":[{"href":"https:\/\/www.caririemacao.com\/1\/wp-json\/wp\/v2\/media?parent=25271"}],"wp:term":[{"taxonomy":"category","embeddable":true,"href":"https:\/\/www.caririemacao.com\/1\/wp-json\/wp\/v2\/categories?post=25271"},{"taxonomy":"post_tag","embeddable":true,"href":"https:\/\/www.caririemacao.com\/1\/wp-json\/wp\/v2\/tags?post=25271"}],"curies":[{"name":"wp","href":"https:\/\/api.w.org\/{rel}","templated":true}]}}