{"id":25274,"date":"2017-08-04T09:05:30","date_gmt":"2017-08-04T12:05:30","guid":{"rendered":"http:\/\/caririemacao.com\/1\/?p=25274"},"modified":"2017-08-04T09:05:50","modified_gmt":"2017-08-04T12:05:50","slug":"wellington-roberto-e-o-primeiro-governista-punido-por-votar-contra-temer","status":"publish","type":"post","link":"https:\/\/www.caririemacao.com\/1\/2017\/08\/04\/wellington-roberto-e-o-primeiro-governista-punido-por-votar-contra-temer\/","title":{"rendered":"Wellington Roberto \u00e9 o primeiro governista punido por votar contra Temer"},"content":{"rendered":"<p>O deputado federal paraibano Wellington Roberto (PR) entrou na \u2018lista negra\u2019 do Pal\u00e1cio do Planalto. Ele \u00e9 o primeiro entre os governistas punidos por terem votado em prol da admissibilidade do processo contra Michel Temer (PMDB). O presidente foi acusado de corrup\u00e7\u00e3o passiva pelo procurador-geral da Rep\u00fablica, Rodrigo Janot. Como a oposi\u00e7\u00e3o n\u00e3o conseguiu os 242 votos necess\u00e1rios para autorizar a investiga\u00e7\u00e3o, o gestor s\u00f3 poder\u00e1 responder pelo processo a partir de 2019. O parlamentar paraibano foi al\u00e9m. No mesmo momento em que declarou voto a favor da investiga\u00e7\u00e3o, tamb\u00e9m se disse contra a reforma da Previd\u00eancia pretendida por Temer.<\/p>\n<p>O alvo da puni\u00e7\u00e3o ser\u00e1 a exonera\u00e7\u00e3o de Gustavo Adolfo Andrade de S\u00e1 da diretoria de Administra\u00e7\u00e3o e Finan\u00e7as do Dnit. De acordo com a coluna Painel, da Folha de S\u00e3o Paulo, o nome dele j\u00e1 foi encaminhado para publica\u00e7\u00e3o no Di\u00e1rio Oficial da Uni\u00e3o. O pedido de puni\u00e7\u00e3o partiu do ministro dos Transportes, Maur\u00edcio Quintella (PR). A publica\u00e7\u00e3o ainda diz que o Planalto espera que as outras siglas da base fa\u00e7am pente-fino em suas bancadas, identifiquem os traidores e pe\u00e7am a cabe\u00e7a de seus indicados no governo. Entre os partidos mais infi\u00e9is, o PSDB foi o l\u00edder de votos contra o presidente, com 47% dos filiados votando pela investiga\u00e7\u00e3o.<\/p>\n<p>O voto de Roberto acabou causando surpresa pela postura do parlamentar. Em discuss\u00f5es anteriores, referentes ao impeachment da ex-presidente Dilma Rousseff (PT) e na cassa\u00e7\u00e3o de Eduardo Cunha (PMDB-RJ), ele se colocou contra. Quando integrava a tropa de choque de Cunha, vale ressaltar, chegou a brigar em plen\u00e1rio na defesa do colega. Lembrava sempre que os acusadores daquele momento seriam os investigados do futuro.<\/p>\n<p><strong>CARIRI EM A\u00c7\u00c3O<\/strong><\/p>\n<p><em>Com Jornal da Para\u00edba\/Foto: Google<\/em><\/p>\n<p><strong>Leia mais not\u00edcias em\u00a0<\/strong><a href=\"http:\/\/www.caririemacao.com\/\"><strong>caririemacao.com<\/strong><\/a><strong>, siga nossa p\u00e1gina no\u00a0<\/strong><a href=\"https:\/\/www.facebook.com\/CaririEmAcao\/?ref=aymt_homepage_panel\"><strong>Facebook<\/strong><\/a>,<strong>\u00a0<\/strong><a href=\"https:\/\/www.instagram.com\/cariri_em_acao\/?hl=pt-br\"><strong>Instagram<\/strong><\/a><strong>\u00a0e <\/strong><a href=\"https:\/\/www.youtube.com\/channel\/UCAptA0jQuYQy8vMhLt2m4qg\"><strong>Youtube<\/strong><\/a><strong>\u00a0e veja nossas mat\u00e9rias, v\u00eddeos e fotos. Voc\u00ea tamb\u00e9m pode enviar informa\u00e7\u00f5es \u00e0 Reda\u00e7\u00e3o do Portal Cariri em A\u00e7\u00e3o pelo WhatsApp (83) 9 9634.5791, (83) 9 9601-1162.<\/strong><\/p>\n","protected":false},"excerpt":{"rendered":"<p>O deputado federal paraibano Wellington Roberto (PR) entrou na \u2018lista negra\u2019 do Pal\u00e1cio do Planalto. Ele \u00e9 o primeiro entre os governistas punidos por terem&hellip; <\/p>\n","protected":false},"author":2,"featured_media":25275,"comment_status":"closed","ping_status":"closed","sticky":false,"template":"","format":"standard","meta":{"sfsi_plus_gutenberg_text_before_share":"","sfsi_plus_gutenberg_show_text_before_share":"","sfsi_plus_gutenberg_icon_type":"","sfsi_plus_gutenberg_icon_alignemt":"","sfsi_plus_gutenburg_max_per_row":"","footnotes":""},"categories":[11],"tags":[],"class_list":["post-25274","post","type-post","status-publish","format-standard","has-post-thumbnail","hentry","category-politica"],"_links":{"self":[{"href":"https:\/\/www.caririemacao.com\/1\/wp-json\/wp\/v2\/posts\/25274","targetHints":{"allow":["GET"]}}],"collection":[{"href":"https:\/\/www.caririemacao.com\/1\/wp-json\/wp\/v2\/posts"}],"about":[{"href":"https:\/\/www.caririemacao.com\/1\/wp-json\/wp\/v2\/types\/post"}],"author":[{"embeddable":true,"href":"https:\/\/www.caririemacao.com\/1\/wp-json\/wp\/v2\/users\/2"}],"replies":[{"embeddable":true,"href":"https:\/\/www.caririemacao.com\/1\/wp-json\/wp\/v2\/comments?post=25274"}],"version-history":[{"count":0,"href":"https:\/\/www.caririemacao.com\/1\/wp-json\/wp\/v2\/posts\/25274\/revisions"}],"wp:featuredmedia":[{"embeddable":true,"href":"https:\/\/www.caririemacao.com\/1\/wp-json\/wp\/v2\/media\/25275"}],"wp:attachment":[{"href":"https:\/\/www.caririemacao.com\/1\/wp-json\/wp\/v2\/media?parent=25274"}],"wp:term":[{"taxonomy":"category","embeddable":true,"href":"https:\/\/www.caririemacao.com\/1\/wp-json\/wp\/v2\/categories?post=25274"},{"taxonomy":"post_tag","embeddable":true,"href":"https:\/\/www.caririemacao.com\/1\/wp-json\/wp\/v2\/tags?post=25274"}],"curies":[{"name":"wp","href":"https:\/\/api.w.org\/{rel}","templated":true}]}}