{"id":25357,"date":"2017-08-06T05:36:43","date_gmt":"2017-08-06T08:36:43","guid":{"rendered":"http:\/\/caririemacao.com\/1\/?p=25357"},"modified":"2017-08-06T11:38:18","modified_gmt":"2017-08-06T14:38:18","slug":"entendo-o-nosso-trabalho-como-produtivo-diz-vereador-ao-avaliar-os-primeiros-dias-de-mandato","status":"publish","type":"post","link":"https:\/\/www.caririemacao.com\/1\/2017\/08\/06\/entendo-o-nosso-trabalho-como-produtivo-diz-vereador-ao-avaliar-os-primeiros-dias-de-mandato\/","title":{"rendered":"\u201cEntendo o nosso trabalho como produtivo,\u201d diz vereador ao avaliar os primeiros dias de mandato"},"content":{"rendered":"<p>O vereador parariense, Tertuliano Aires de Queiroz Neto (PSD), divulgou durante est\u00e1 semana, uma avalia\u00e7\u00e3o das principais a\u00e7\u00f5es do seu mandato, durante os primeiro seis meses de atua\u00e7\u00e3o na C\u00e2mara Municipal de Parari, Casa \u201cJos\u00e9 Acelino de Queiroz\u201d.<\/p>\n<p>Terto apresentou v\u00e1rias proposituras entre projetos de lei, projetos de resolu\u00e7\u00e3o e indica\u00e7\u00f5es. Em conversa com a nossa reportagem, o vereador destacou o que se encontra satisfeito com os resultados desse primeiro semestre de 2017.<\/p>\n<p>\u201cO nosso mandato se qualifica como um mandato produtivo em prol da popula\u00e7\u00e3o desse munic\u00edpio\u201d. Tenho feito com que as pessoas possam perceber qual a real fun\u00e7\u00e3o do vereador, fiscalizar e legislar em favor do povo, temos cobrado tamb\u00e9m as a\u00e7\u00f5es da gest\u00e3o municipal no sentido de melhorar a vida dessa popula\u00e7\u00e3o.<\/p>\n<p>O parlamentar apresentou os seguintes projetos:<\/p>\n<p><strong>PROJETO DE LEI N\u00ba 003\/2017. <\/strong>Estabelece normas de identifica\u00e7\u00e3o dos ve\u00edculos automotores do poder p\u00fablico municipal e d\u00e1 outras provid\u00eancias.<\/p>\n<p><strong>PROJETO DE LEI N\u00ba 007\/2017. <\/strong>Atribui nome a pr\u00e9dio p\u00fablico, e, de igual modo, homenageia cidad\u00e3o conhecido no \u00e2mbito do munic\u00edpio, e d\u00e1 outras provid\u00eancias. Fica denominado de GENIVAL AIRES DE QUEIROZ, o ESTADIO DE FUTEBOL situado no \u00e2mbito do Munic\u00edpio de Parari, Estado da Para\u00edba.<\/p>\n<p><strong>PROJETO DE LEI N\u00ba 006\/2017. <\/strong>Disp\u00f5e acerca da cria\u00e7\u00e3o de medalha de honra ao m\u00e9rito, e d\u00e1 outras provid\u00eancias. Fica criada, no \u00e2mbito do Munic\u00edpio de Parari, a <strong>Medalha de Honra ao M\u00e9rito. \u201cGENIVAL AIRES DE QUEIROZ\u201d (Ao Esporte)<\/strong><\/p>\n<p><strong>PROJETO DE LEI N\u00b0 008\/2017. <\/strong>Disp\u00f5e acerca da cria\u00e7\u00e3o de medalha de honra ao m\u00e9rito no munic\u00edpio de Parari, e d\u00e1 outras provid\u00eancias. Fica criada, no \u00e2mbito do Munic\u00edpio de Parari, a <strong>Medalha de Honra ao M\u00e9rito. \u201cMARIA DAS NEVES AIRES CALUETE\u201d. (Educa\u00e7\u00e3o e Cultura)<\/strong>.<\/p>\n<p><strong>\u00a0PROJETO DE RESOLUCAO N\u00ba 001\/2017. <\/strong>Disp\u00f5e acerca da altera\u00e7\u00e3o do regimento interno, especialmente no que atine ao per\u00edodo de recesso parlamentar, ou seja, diminuindo, e d\u00e1 outras provid\u00eancias.<\/p>\n<p><strong>INDICA\u00c7\u00c3O N\u00ba 001\/2017.\u00a0<\/strong>Para que o Poder Executivo possa realizar a edifica\u00e7\u00e3o e\/ou constru\u00e7\u00e3o de uma \u00e1rea voltada para a pr\u00e1tica da atividade esportiva nas margens dos canteiros que se situam na Rua Jos\u00e9 Mariano de Queiroz, ou seja ao lado do Gonzagao.<\/p>\n<p><strong>INDICA\u00c7\u00c3O N\u00ba 008\/2017.\u00a0<\/strong>Para que o Poder Executivo possa realizar a manuten\u00e7\u00e3o da estrada que liga o S\u00edtio Po\u00e7o, situado na nossa zona rural at\u00e9 o entroncamento da PB 200 que, por sua vez, interliga aos munic\u00edpios de Parari e Santo Andr\u00e9. A constru\u00e7\u00e3o de uma passagem molhada no riacho do S\u00e3o Caetano em benef\u00edcio dos moradores que ficam isolados no per\u00edodo das chuvas.<\/p>\n<p>O parlamento destacou ainda que tem dado apoio aos projetos dos seus companheiros de parlamento voltando favor\u00e1vel a todos os projetos.<\/p>\n<p>\u201cTemos votado favoravelmente aos projetos dos companheiros de parlamento, ap\u00f3s uma analise criteriosa, temos aprovado os projeto que n\u00e3o prejudique a popula\u00e7\u00e3o. Fazendo parte daquelas que fazem \u00e0 boa pol\u00edtica, temos confirmado tamb\u00e9m os projetos vindos do governo municipal, afim de que, a popula\u00e7\u00e3o possa ser bem atendida pelas a\u00e7\u00f5es da gest\u00e3o. Enfim, entendo o nosso mandato com um mandato produtivo\u201d, comentou.<\/p>\n<p><strong>PROJETOS QUE O VEREADOR VOTOU A FAVOR.<\/strong><\/p>\n<p>Projeto de Lei Municipal n\u00ba 001\/2017 de autoria do Poder Executivo. \u201cDisp\u00f5e sobre a fixa\u00e7\u00e3o do sal\u00e1rio m\u00ednimo municipal, e d\u00e1 outras provid\u00eancias.\u201d<\/p>\n<p>Projeto de Lei n\u00ba 002\/2017 de autoria do Poder Executivo. \u201cDisp\u00f5e sobre o reajuste do valor da remunera\u00e7\u00e3o dos profissionais do Magist\u00e9rio P\u00fablico Municipal e altera a Lei Municipal n\u00ba 255\/2011 e d\u00e1 outras provid\u00eancias.\u201d<\/p>\n<p>O vereador esta em seu primeiro mandato e foi eleito com 5,43% das inten\u00e7\u00f5es de votos nas elei\u00e7\u00f5es de 2016.<\/p>\n<p><strong>CARIRI EM A\u00c7\u00c3O<\/strong><\/p>\n<p><strong>Leia mais not\u00edcias em\u00a0<\/strong><a href=\"http:\/\/www.caririemacao.com\/\"><strong>caririemacao.com<\/strong><\/a><strong>, siga nossa p\u00e1gina no\u00a0<\/strong><a href=\"https:\/\/www.facebook.com\/CaririEmAcao\/?ref=aymt_homepage_panel\"><strong>Facebook<\/strong><\/a>,<strong>\u00a0<a href=\"https:\/\/www.instagram.com\/cariri_em_acao\/?hl=pt-br\">Instagram<\/a>\u00a0e <\/strong><a href=\"https:\/\/www.youtube.com\/channel\/UCAptA0jQuYQy8vMhLt2m4qg\"><strong>Youtube<\/strong><\/a><strong>\u00a0e veja nossas mat\u00e9rias, v\u00eddeos e fotos. Voc\u00ea tamb\u00e9m pode enviar informa\u00e7\u00f5es \u00e0 Reda\u00e7\u00e3o do Portal Cariri em A\u00e7\u00e3o pelo WhatsApp (83) 9 9634.5791, (83) 9 9601-1162.<\/strong><\/p>\n","protected":false},"excerpt":{"rendered":"<p>O vereador parariense, Tertuliano Aires de Queiroz Neto (PSD), divulgou durante est\u00e1 semana, uma avalia\u00e7\u00e3o das principais a\u00e7\u00f5es do seu mandato, durante os primeiro seis&hellip; <\/p>\n","protected":false},"author":2,"featured_media":25358,"comment_status":"closed","ping_status":"closed","sticky":false,"template":"","format":"standard","meta":{"sfsi_plus_gutenberg_text_before_share":"","sfsi_plus_gutenberg_show_text_before_share":"","sfsi_plus_gutenberg_icon_type":"","sfsi_plus_gutenberg_icon_alignemt":"","sfsi_plus_gutenburg_max_per_row":"","footnotes":""},"categories":[6],"tags":[],"class_list":["post-25357","post","type-post","status-publish","format-standard","has-post-thumbnail","hentry","category-cidades"],"_links":{"self":[{"href":"https:\/\/www.caririemacao.com\/1\/wp-json\/wp\/v2\/posts\/25357","targetHints":{"allow":["GET"]}}],"collection":[{"href":"https:\/\/www.caririemacao.com\/1\/wp-json\/wp\/v2\/posts"}],"about":[{"href":"https:\/\/www.caririemacao.com\/1\/wp-json\/wp\/v2\/types\/post"}],"author":[{"embeddable":true,"href":"https:\/\/www.caririemacao.com\/1\/wp-json\/wp\/v2\/users\/2"}],"replies":[{"embeddable":true,"href":"https:\/\/www.caririemacao.com\/1\/wp-json\/wp\/v2\/comments?post=25357"}],"version-history":[{"count":0,"href":"https:\/\/www.caririemacao.com\/1\/wp-json\/wp\/v2\/posts\/25357\/revisions"}],"wp:featuredmedia":[{"embeddable":true,"href":"https:\/\/www.caririemacao.com\/1\/wp-json\/wp\/v2\/media\/25358"}],"wp:attachment":[{"href":"https:\/\/www.caririemacao.com\/1\/wp-json\/wp\/v2\/media?parent=25357"}],"wp:term":[{"taxonomy":"category","embeddable":true,"href":"https:\/\/www.caririemacao.com\/1\/wp-json\/wp\/v2\/categories?post=25357"},{"taxonomy":"post_tag","embeddable":true,"href":"https:\/\/www.caririemacao.com\/1\/wp-json\/wp\/v2\/tags?post=25357"}],"curies":[{"name":"wp","href":"https:\/\/api.w.org\/{rel}","templated":true}]}}