{"id":25377,"date":"2017-08-05T09:57:50","date_gmt":"2017-08-05T12:57:50","guid":{"rendered":"http:\/\/caririemacao.com\/1\/?p=25377"},"modified":"2017-08-05T09:57:50","modified_gmt":"2017-08-05T12:57:50","slug":"eden-firma-convenio-com-a-facisa-para-beneficiar-estudantes-de-sume","status":"publish","type":"post","link":"https:\/\/www.caririemacao.com\/1\/2017\/08\/05\/eden-firma-convenio-com-a-facisa-para-beneficiar-estudantes-de-sume\/","title":{"rendered":"\u00c9den firma conv\u00eanio com a Facisa para beneficiar estudantes de Sum\u00e9"},"content":{"rendered":"<p>O prefeito \u00c9den Duarte assinou nesta sexta-feira (04\/08), conv\u00eanio com o Centro Universit\u00e1rio (Unifacisa) cujo objeto \u00e9 a concess\u00e3o de desconto de 20% (vinte por cento) no valor das mensalidades para estudantes residentes e domiciliados no Munic\u00edpio de Sum\u00e9 que ingressarem nos cursos da institui\u00e7\u00e3o atrav\u00e9s do vestibular unificado da Unifacisa\/FCM.<\/p>\n<p>O desconto n\u00e3o incide sobre a matr\u00edcula e sim sobre as mensalidades e n\u00e3o vale para alunos que tenham o FIES, PROUNI e PROBEM, ou que aderir a um financiamento privado.<\/p>\n<p>Ser\u00e3o contemplados com o benef\u00edcio do conv\u00eanio os estudantes residentes e domiciliados em Sum\u00e9 que ingressarem nos cursos de gradua\u00e7\u00e3o em: Administra\u00e7\u00e3o, Direito, Sistemas de Informa\u00e7\u00e3o, Jogos Digitais, Arquitetura, Engenharia Civil, Licenciatura em Educa\u00e7\u00e3o F\u00edsica, Nutri\u00e7\u00e3o, Farm\u00e1cia e Bioqu\u00edmica, Fisioterapia e Enfermagem.<\/p>\n<p>No ato da matr\u00edcula o aluno dever\u00e1 apresentar, al\u00e9m de outros documentos, o comprovante de resid\u00eancia. Atendidos todos os requisitos, o benef\u00edcio entrar\u00e1 em vigor a partir da segunda parcela da semestralidade, subsequente \u00e0 matr\u00edcula.<\/p>\n<p>A reprova\u00e7\u00e3o em mais de 25% das disciplinas matriculadas no per\u00edodo, implicar\u00e1 na perda do desconto.<\/p>\n<p>O conv\u00eanio tem validade de dois anos podendo ser renovado.<\/p>\n<p><strong>CARIRI EM A\u00c7\u00c3O<\/strong><\/p>\n<p><em>Com Ascom\/Foto: Google<\/em><\/p>\n<p><strong>Leia mais not\u00edcias em\u00a0<\/strong><a href=\"http:\/\/www.caririemacao.com\/\"><strong>caririemacao.com<\/strong><\/a><strong>, siga nossa p\u00e1gina no\u00a0<\/strong><a href=\"https:\/\/www.facebook.com\/CaririEmAcao\/?ref=aymt_homepage_panel\"><strong>Facebook<\/strong><\/a>,<strong>\u00a0<\/strong><a href=\"https:\/\/www.instagram.com\/cariri_em_acao\/?hl=pt-br\"><strong>Instagram<\/strong><\/a><strong>\u00a0e <\/strong><a href=\"https:\/\/www.youtube.com\/channel\/UCAptA0jQuYQy8vMhLt2m4qg\"><strong>Youtube<\/strong><\/a><strong>\u00a0e veja nossas mat\u00e9rias, v\u00eddeos e fotos. Voc\u00ea tamb\u00e9m pode enviar informa\u00e7\u00f5es \u00e0 Reda\u00e7\u00e3o do Portal Cariri em A\u00e7\u00e3o pelo WhatsApp (83) 9 9634.5791, (83) 9 9601-1162.<\/strong><\/p>\n","protected":false},"excerpt":{"rendered":"<p>O prefeito \u00c9den Duarte assinou nesta sexta-feira (04\/08), conv\u00eanio com o Centro Universit\u00e1rio (Unifacisa) cujo objeto \u00e9 a concess\u00e3o de desconto de 20% (vinte por&hellip; <\/p>\n","protected":false},"author":2,"featured_media":25378,"comment_status":"closed","ping_status":"closed","sticky":false,"template":"","format":"standard","meta":{"sfsi_plus_gutenberg_text_before_share":"","sfsi_plus_gutenberg_show_text_before_share":"","sfsi_plus_gutenberg_icon_type":"","sfsi_plus_gutenberg_icon_alignemt":"","sfsi_plus_gutenburg_max_per_row":"","footnotes":""},"categories":[11],"tags":[],"class_list":["post-25377","post","type-post","status-publish","format-standard","has-post-thumbnail","hentry","category-politica"],"_links":{"self":[{"href":"https:\/\/www.caririemacao.com\/1\/wp-json\/wp\/v2\/posts\/25377","targetHints":{"allow":["GET"]}}],"collection":[{"href":"https:\/\/www.caririemacao.com\/1\/wp-json\/wp\/v2\/posts"}],"about":[{"href":"https:\/\/www.caririemacao.com\/1\/wp-json\/wp\/v2\/types\/post"}],"author":[{"embeddable":true,"href":"https:\/\/www.caririemacao.com\/1\/wp-json\/wp\/v2\/users\/2"}],"replies":[{"embeddable":true,"href":"https:\/\/www.caririemacao.com\/1\/wp-json\/wp\/v2\/comments?post=25377"}],"version-history":[{"count":0,"href":"https:\/\/www.caririemacao.com\/1\/wp-json\/wp\/v2\/posts\/25377\/revisions"}],"wp:featuredmedia":[{"embeddable":true,"href":"https:\/\/www.caririemacao.com\/1\/wp-json\/wp\/v2\/media\/25378"}],"wp:attachment":[{"href":"https:\/\/www.caririemacao.com\/1\/wp-json\/wp\/v2\/media?parent=25377"}],"wp:term":[{"taxonomy":"category","embeddable":true,"href":"https:\/\/www.caririemacao.com\/1\/wp-json\/wp\/v2\/categories?post=25377"},{"taxonomy":"post_tag","embeddable":true,"href":"https:\/\/www.caririemacao.com\/1\/wp-json\/wp\/v2\/tags?post=25377"}],"curies":[{"name":"wp","href":"https:\/\/api.w.org\/{rel}","templated":true}]}}