{"id":25384,"date":"2017-08-05T10:38:16","date_gmt":"2017-08-05T13:38:16","guid":{"rendered":"http:\/\/caririemacao.com\/1\/?p=25384"},"modified":"2017-08-05T10:38:16","modified_gmt":"2017-08-05T13:38:16","slug":"festa-das-neves-encerra-atividades-religiosas-neste-sabado-veja-programacao","status":"publish","type":"post","link":"https:\/\/www.caririemacao.com\/1\/2017\/08\/05\/festa-das-neves-encerra-atividades-religiosas-neste-sabado-veja-programacao\/","title":{"rendered":"Festa das Neves encerra atividades religiosas neste s\u00e1bado; veja programa\u00e7\u00e3o"},"content":{"rendered":"<p>Neste s\u00e1bado (5) \u00e9 celebrado o dia de Nossa Senhora das Neves, padroeira de Jo\u00e3o Pessoa e do estado da Para\u00edba. A programa\u00e7\u00e3o de encerramento da parte religiosa da Festa das Neves 2017, na Catedral Bas\u00edlica de Nossa Senhora das Neves, termina hoje (5).<\/p>\n<p><strong>Confira programa\u00e7\u00e3o completa, segundo a Arquidiocese da PB<\/strong><\/p>\n<p><strong>9h<\/strong><\/p>\n<p>Solene Concelebra\u00e7\u00e3o Eucar\u00edstica, durante a qual o Arcebispo Metropolitano da Para\u00edba, Dom Frei Manoel Delson Pedreira da Cruz, OFMCap, receber\u00e1 a imposi\u00e7\u00e3o do P\u00e1lio Arquiepiscopal das m\u00e3os do N\u00fancio Apost\u00f3lico no Brasil (que \u00e9 o representante do Papa aqui no pa\u00eds), Dom Giovanni d\u2019Aniello.<br \/>\nArcebispo entoa o Hino de Louvor, e a Missa prossegue como de costume.<\/p>\n<p><strong>15h<\/strong><\/p>\n<p>Recita\u00e7\u00e3o do Santo Ter\u00e7o, organizado pelo Ter\u00e7o dos Homens<\/p>\n<p><strong>16h<\/strong><\/p>\n<p>Santa Missa de encerramento da festa, presidida por Dom Delson, seguida de Prociss\u00e3o pelas ruas centrais de Jo\u00e3o Pessoa.<\/p>\n<p><strong>CARIRI EM A\u00c7\u00c3O<\/strong><\/p>\n<p><em>Com Portal Correio\/Foto: Google<\/em><\/p>\n<p><strong>Leia mais not\u00edcias em\u00a0<\/strong><a href=\"http:\/\/www.caririemacao.com\/\"><strong>caririemacao.com<\/strong><\/a><strong>, siga nossa p\u00e1gina no\u00a0<\/strong><a href=\"https:\/\/www.facebook.com\/CaririEmAcao\/?ref=aymt_homepage_panel\"><strong>Facebook<\/strong><\/a>,<strong>\u00a0<\/strong><a href=\"https:\/\/www.instagram.com\/cariri_em_acao\/?hl=pt-br\"><strong>Instagram<\/strong><\/a><strong>\u00a0e <\/strong><a href=\"https:\/\/www.youtube.com\/channel\/UCAptA0jQuYQy8vMhLt2m4qg\"><strong>Youtube<\/strong><\/a><strong>\u00a0e veja nossas mat\u00e9rias, v\u00eddeos e fotos. Voc\u00ea tamb\u00e9m pode enviar informa\u00e7\u00f5es \u00e0 Reda\u00e7\u00e3o do Portal Cariri em A\u00e7\u00e3o pelo WhatsApp (83) 9 9634.5791, (83) 9 9601-1162.<\/strong><\/p>\n","protected":false},"excerpt":{"rendered":"<p>Neste s\u00e1bado (5) \u00e9 celebrado o dia de Nossa Senhora das Neves, padroeira de Jo\u00e3o Pessoa e do estado da Para\u00edba. A programa\u00e7\u00e3o de encerramento&hellip; <\/p>\n","protected":false},"author":2,"featured_media":25386,"comment_status":"closed","ping_status":"closed","sticky":false,"template":"","format":"standard","meta":{"sfsi_plus_gutenberg_text_before_share":"","sfsi_plus_gutenberg_show_text_before_share":"","sfsi_plus_gutenberg_icon_type":"","sfsi_plus_gutenberg_icon_alignemt":"","sfsi_plus_gutenburg_max_per_row":"","footnotes":""},"categories":[2],"tags":[],"class_list":["post-25384","post","type-post","status-publish","format-standard","has-post-thumbnail","hentry","category-geral"],"_links":{"self":[{"href":"https:\/\/www.caririemacao.com\/1\/wp-json\/wp\/v2\/posts\/25384","targetHints":{"allow":["GET"]}}],"collection":[{"href":"https:\/\/www.caririemacao.com\/1\/wp-json\/wp\/v2\/posts"}],"about":[{"href":"https:\/\/www.caririemacao.com\/1\/wp-json\/wp\/v2\/types\/post"}],"author":[{"embeddable":true,"href":"https:\/\/www.caririemacao.com\/1\/wp-json\/wp\/v2\/users\/2"}],"replies":[{"embeddable":true,"href":"https:\/\/www.caririemacao.com\/1\/wp-json\/wp\/v2\/comments?post=25384"}],"version-history":[{"count":0,"href":"https:\/\/www.caririemacao.com\/1\/wp-json\/wp\/v2\/posts\/25384\/revisions"}],"wp:featuredmedia":[{"embeddable":true,"href":"https:\/\/www.caririemacao.com\/1\/wp-json\/wp\/v2\/media\/25386"}],"wp:attachment":[{"href":"https:\/\/www.caririemacao.com\/1\/wp-json\/wp\/v2\/media?parent=25384"}],"wp:term":[{"taxonomy":"category","embeddable":true,"href":"https:\/\/www.caririemacao.com\/1\/wp-json\/wp\/v2\/categories?post=25384"},{"taxonomy":"post_tag","embeddable":true,"href":"https:\/\/www.caririemacao.com\/1\/wp-json\/wp\/v2\/tags?post=25384"}],"curies":[{"name":"wp","href":"https:\/\/api.w.org\/{rel}","templated":true}]}}