{"id":25393,"date":"2017-08-05T13:51:25","date_gmt":"2017-08-05T16:51:25","guid":{"rendered":"http:\/\/caririemacao.com\/1\/?p=25393"},"modified":"2017-08-05T13:51:25","modified_gmt":"2017-08-05T16:51:25","slug":"deputados-do-pmdb-que-votaram-contra-temer-dizem-nao-crer-em-punicao","status":"publish","type":"post","link":"https:\/\/www.caririemacao.com\/1\/2017\/08\/05\/deputados-do-pmdb-que-votaram-contra-temer-dizem-nao-crer-em-punicao\/","title":{"rendered":"Deputados do PMDB que votaram contra Temer dizem n\u00e3o crer em puni\u00e7\u00e3o"},"content":{"rendered":"<div class=\"mc-column content-text active-extra-styles active-capital-letter\" data-block-type=\"unstyled\" data-block-weight=\"38\">\n<p class=\"content-text__container theme-color-primary-first-letter\" data-track-category=\"Link no Texto\">Deputados peemedebistas que votaram contra Michel Temer na sess\u00e3o da C\u00e2mara da \u00faltima quarta-feira (2) dizem n\u00e3o crer em puni\u00e7\u00e3o por terem descumprido a ordem da c\u00fapula partid\u00e1ria, que fechou quest\u00e3o pela rejei\u00e7\u00e3o da den\u00fancia contra o presidente.<\/p>\n<\/div>\n<div class=\"mc-column content-text active-extra-styles \" data-block-type=\"unstyled\" data-block-weight=\"31\">\n<p class=\"content-text__container \" data-track-category=\"Link no Texto\">Na sess\u00e3o, os\u00a0deputados rejeitaram, por 263 votos a 227, o envio para o Supremo Tribunal Federal da den\u00fancia de corrup\u00e7\u00e3o passiva contra o presidente apresentada pela Procuradoria Geral da Rep\u00fablica.<\/p>\n<\/div>\n<div class=\"mc-column content-text active-extra-styles \" data-block-type=\"unstyled\" data-block-weight=\"28\">\n<p class=\"content-text__container \" data-track-category=\"Link no Texto\">Dentre os 227 favor\u00e1veis \u00e0 investiga\u00e7\u00e3o de Temer no Supremo, estavam os seguintes deputados do PMDB, cuja bancada na C\u00e2mara tem 63 parlamentares:<\/p>\n<\/div>\n<div class=\"mc-column content-text active-extra-styles\" data-block-type=\"raw\" data-block-weight=\"20\">\n<ul class=\"content-unordered-list\">\n<li>Celso Pansera (RJ)<\/li>\n<li>Jarbas Vasconcelos (PE)<\/li>\n<li>Laura Carneiro (RJ)<\/li>\n<li>S\u00e9rgio Zveiter (RJ)<\/li>\n<li>Veneziano Vital do Rego (PB)<\/li>\n<li>Vitor Valim (CE)<\/li>\n<\/ul>\n<\/div>\n<div class=\"mc-column content-text active-extra-styles \" data-block-type=\"unstyled\" data-block-weight=\"69\">\n<p class=\"content-text__container \" data-track-category=\"Link no Texto\">Na v\u00e9spera da sess\u00e3o, o presidente do PMDB, senador Romero Juc\u00e1 (PMDB-RR), disse que haveria &#8220;consequ\u00eancias&#8221; para os deputados que desobedecessem a decis\u00e3o partid\u00e1ria e votassem contra Temer. Em julho, antes do recesso parlamentar, a executiva do PMDB decidiu punir os deputados que se posicionassem contra o presidente, atitude in\u00e9dita na hist\u00f3ria da legenda. As san\u00e7\u00f5es podem variar de advert\u00eancia e perda de cargos at\u00e9 a expuls\u00e3o da sigla.<\/p>\n<\/div>\n<div class=\"mc-column content-text active-extra-styles \" data-block-type=\"unstyled\" data-block-weight=\"35\">\n<p class=\"content-text__container \" data-track-category=\"Link no Texto\">Quadro hist\u00f3rico do PMDB, o deputado Jarbas Vasconcelos (PE) afirmou que n\u00e3o tem receio e nem acredita que ser\u00e1 punido pela dire\u00e7\u00e3o da legenda. Para ele, uma eventual puni\u00e7\u00e3o seria uma medida \u201cextravagante\u201d e \u201cinadequada\u201d.<\/p>\n<\/div>\n<div class=\"mc-column content-text active-extra-styles \" data-block-type=\"unstyled\" data-block-weight=\"36\">\n<p class=\"content-text__container \" data-track-category=\"Link no Texto\">\u201cEu acho que isso [puni\u00e7\u00e3o] seria uma medida perniciosa, altamente antidemocr\u00e1tica. Um partido \u00e9 isso. Um partido como o PMDB tem muitas converg\u00eancias, mas muitas diverg\u00eancias tamb\u00e9m. E as diverg\u00eancias sempre foram respeitadas\u201d, declarou Jarbas Vasconcelos.<\/p>\n<\/div>\n<div class=\"mc-column content-text active-extra-styles \" data-block-type=\"unstyled\" data-block-weight=\"32\">\n<p class=\"content-text__container \" data-track-category=\"Link no Texto\">O parlamentar pernambucano afirmou ainda que n\u00e3o foi a primeira vez que n\u00e3o seguiu uma orienta\u00e7\u00e3o partid\u00e1ria. \u201cO partido sempre respeitou minha posi\u00e7\u00e3o. Estou bem acomodado no PMDB e quero continuar\u201d, disse.<\/p>\n<\/div>\n<div class=\"mc-column content-text active-extra-styles \" data-block-type=\"unstyled\" data-block-weight=\"19\">\n<p class=\"content-text__container \" data-track-category=\"Link no Texto\">Na mesma linha, Laura Carneiro (RJ) disse confiar na \u201cess\u00eancia democr\u00e1tica\u201d do PMDB e, por isso, n\u00e3o espera puni\u00e7\u00e3o.<\/p>\n<\/div>\n<div class=\"mc-column content-text active-extra-styles \" data-block-type=\"unstyled\" data-block-weight=\"38\">\n<p class=\"content-text__container \" data-track-category=\"Link no Texto\">&#8220;O PMDB que eu conhe\u00e7o \u00e9 democr\u00e1tico, e num partido democr\u00e1tico isso \u00e9 uma mat\u00e9ria de cunho pessoal. Mas, se o partido entender que \u00e9 uma mat\u00e9ria de governo, vai tomar as provid\u00eancias e eu vou acatar&#8221;, explicou.<\/p>\n<div class=\"mc-column content-text active-extra-styles \" data-block-type=\"unstyled\" data-block-weight=\"39\">\n<p class=\"content-text__container \" data-track-category=\"Link no Texto\">Na avalia\u00e7\u00e3o da parlamentar fluminense, se existe uma den\u00fancia com ind\u00edcios de cometimento de crime, precisa ser investigada. Laura Carneiro contou ainda que comunicou ao l\u00edder da legenda na C\u00e2mara, Baleia Rossi (SP), que n\u00e3o seguiria a ordem partid\u00e1ria.<\/p>\n<\/div>\n<div class=\"mc-column content-text active-extra-styles \" data-block-type=\"unstyled\" data-block-weight=\"42\">\n<p class=\"content-text__container \" data-track-category=\"Link no Texto\">Outro dissidente, o deputado Celso Pansera (PMDB-RJ) disse que votou contra Temer por entender que o Supremo Tribunal Federal \u00e9 quem deve decidir sobre a abertura ou n\u00e3o de processo e que n\u00e3o foi nada pessoal contra o presidente ou o partido.<\/p>\n<\/div>\n<div class=\"mc-column content-text active-extra-styles \" data-block-type=\"unstyled\" data-block-weight=\"45\">\n<p class=\"content-text__container \" data-track-category=\"Link no Texto\">\u201cN\u00e3o sou advogado. Ent\u00e3o, o que julguei \u00e9 que, diante do pedido da Procuradoria, quem deveria se pronunciar de uma forma jur\u00eddica \u00e9 o Supremo Tribunal Federal, porque tem os instrumentos jur\u00eddicos, as ferramentas. N\u00e3o foi nada pessoal contra Michel Temer e o partido\u201d, disse.<\/p>\n<\/div>\n<div class=\"mc-column content-text active-extra-styles \" data-block-type=\"unstyled\" data-block-weight=\"31\">\n<p class=\"content-text__container \" data-track-category=\"Link no Texto\">Ele entende que uma eventual puni\u00e7\u00e3o n\u00e3o seria cab\u00edvel porque a den\u00fancia n\u00e3o tratava de uma quest\u00e3o program\u00e1tica do partido. \u201cTratamos de uma quest\u00e3o do ju\u00edzo individual de cada deputado\u201d, declarou.<\/p>\n<\/div>\n<div class=\"mc-column content-text active-extra-styles \" data-block-type=\"unstyled\" data-block-weight=\"20\">\n<p class=\"content-text__container \" data-track-category=\"Link no Texto\">Ex-ministro de Dilma Rousseff, Pansera argumentou ainda que, no plen\u00e1rio, tem seguido as orienta\u00e7\u00f5es partid\u00e1rias na maior parte das vezes.<\/p>\n<\/div>\n<div class=\"mc-column content-text active-extra-styles \" data-block-type=\"unstyled\" data-block-weight=\"31\">\n<p class=\"content-text__container \" data-track-category=\"Link no Texto\">\u201cEspero continuar trabalhando. Nesse tempo, desde que o Temer assumiu, tenho sido um dos deputados mais presentes dentro do plen\u00e1rio. Mais de 70% das minhas vota\u00e7\u00f5es foram seguindo orienta\u00e7\u00f5es partid\u00e1rias\u201d, afirmou.<\/p>\n<\/div>\n<div class=\"mc-column content-text active-extra-styles \" data-block-type=\"unstyled\" data-block-weight=\"24\">\n<p class=\"content-text__container \" data-track-category=\"Link no Texto\">O\u00a0G1\u00a0procurou os deputados Veneziano Vital do R\u00eago (PB) e Vitor Valim (CE), mas n\u00e3o obteve resposta at\u00e9 a \u00faltima atualiza\u00e7\u00e3o desta reportagem.<\/p>\n<p class=\"content-text__container \" data-track-category=\"Link no Texto\"><strong>Mudan\u00e7a de legenda<\/strong><\/p>\n<\/div>\n<div class=\"mc-column content-text active-extra-styles \" data-block-type=\"unstyled\" data-block-weight=\"17\">\n<p class=\"content-text__container \" data-track-category=\"Link no Texto\">Outro peemedebista que votou contra Temer, o deputado S\u00e9rgio Zveiter (RJ), preferiu n\u00e3o falar sobre eventuais puni\u00e7\u00f5es.<\/p>\n<\/div>\n<div class=\"mc-column content-text active-extra-styles \" data-block-type=\"unstyled\" data-block-weight=\"21\">\n<p class=\"content-text__container \" data-track-category=\"Link no Texto\">O parlamentar, no entanto, j\u00e1 sofreu consequ\u00eancias do seu posicionamento antes mesmo da vota\u00e7\u00e3o da den\u00fancia contra Temer na \u00faltima quarta.<\/p>\n<\/div>\n<div class=\"mc-column content-text active-extra-styles \" data-block-type=\"unstyled\" data-block-weight=\"40\">\n<p class=\"content-text__container \" data-track-category=\"Link no Texto\">Quando o tema estava sob an\u00e1lise da Comiss\u00e3o de Constitui\u00e7\u00e3o e Justi\u00e7a, Zveiter foi designado relator da den\u00fancia e votou pelo prosseguimento do caso. Seu parecer, por\u00e9m, foi rejeitado pelo colegiado, dando lugar ao relat\u00f3rio de Abi-Ackel, favor\u00e1vel a Temer.<\/p>\n<\/div>\n<div class=\"content-ads content-ads--reveal\">\n<div id=\"banner_materia__a101d53df2d742d7b38e4a20841de3dd\" class=\"tag-manager-publicidade-container has-reveal has-ad-lazyload tag-manager-publicidade-banner_materia__a101d53df2d742d7b38e4a20841de3dd tag-manager-publicidade-container--carregado tag-manager-publicidade-container--visivel\" data-id=\"banner_materia__a101d53df2d742d7b38e4a20841de3dd\" data-google-query-id=\"CMrAyKCDwNUCFUESkQodEeQPnQ\" data-cid=\"138204144388\" data-lid=\"4348902864\">\n<div id=\"google_ads_iframe_\/95377733\/tvg_G1\/Politica_3__container__\">Logo depois da apresenta\u00e7\u00e3o do parecer, Zveiter perdeu as fun\u00e7\u00f5es de vice-l\u00edder do partido na C\u00e2mara e de coordenador da bancada peemedebista na CCJ.<\/div>\n<\/div>\n<\/div>\n<div class=\"mc-column content-text active-extra-styles \" data-block-type=\"unstyled\" data-block-weight=\"34\">\n<p class=\"content-text__container \" data-track-category=\"Link no Texto\">O\u00a0G1\u00a0apurou que Zveiter tem dito a deputados pr\u00f3ximos que quer se antecipar a um eventual processo de expuls\u00e3o da legenda. J\u00e1 na pr\u00f3xima semana, ele deve anunciar a sua desfilia\u00e7\u00e3o do PMDB.<\/p>\n<\/div>\n<p>Zveiter est\u00e1 em negocia\u00e7\u00e3o para migrar ao rec\u00e9m-criado Podemos (antigo PTN) e quer ser o candidato da sigla ao Senado em 2018.<\/p>\n<\/div>\n<p><strong>CARIRI EM A\u00c7\u00c3O<\/strong><\/p>\n<p><em>Com Ag\u00eancia Brasil\u00a0 \/Foto: Google<\/em><\/p>\n<p><strong>Leia mais not\u00edcias em\u00a0<\/strong><a href=\"http:\/\/www.caririemacao.com\/\"><strong>caririemacao.com<\/strong><\/a><strong>, siga nossa p\u00e1gina no\u00a0<\/strong><a href=\"https:\/\/www.facebook.com\/CaririEmAcao\/?ref=aymt_homepage_panel\"><strong>Facebook<\/strong><\/a>,<strong>\u00a0<\/strong><a href=\"https:\/\/www.instagram.com\/cariri_em_acao\/?hl=pt-br\"><strong>Instagram<\/strong><\/a><strong>\u00a0e <\/strong><a href=\"https:\/\/www.youtube.com\/channel\/UCAptA0jQuYQy8vMhLt2m4qg\"><strong>Youtube<\/strong><\/a><strong>\u00a0e veja nossas mat\u00e9rias, v\u00eddeos e fotos. Voc\u00ea tamb\u00e9m pode enviar informa\u00e7\u00f5es \u00e0 Reda\u00e7\u00e3o do Portal Cariri em A\u00e7\u00e3o pelo WhatsApp (83) 9 9634.5791, (83) 9 9601-1162.<\/strong><\/p>\n","protected":false},"excerpt":{"rendered":"<p>Deputados peemedebistas que votaram contra Michel Temer na sess\u00e3o da C\u00e2mara da \u00faltima quarta-feira (2) dizem n\u00e3o crer em puni\u00e7\u00e3o por terem descumprido a ordem&hellip; <\/p>\n","protected":false},"author":2,"featured_media":25173,"comment_status":"closed","ping_status":"closed","sticky":false,"template":"","format":"standard","meta":{"sfsi_plus_gutenberg_text_before_share":"","sfsi_plus_gutenberg_show_text_before_share":"","sfsi_plus_gutenberg_icon_type":"","sfsi_plus_gutenberg_icon_alignemt":"","sfsi_plus_gutenburg_max_per_row":"","footnotes":""},"categories":[11],"tags":[],"class_list":["post-25393","post","type-post","status-publish","format-standard","has-post-thumbnail","hentry","category-politica"],"_links":{"self":[{"href":"https:\/\/www.caririemacao.com\/1\/wp-json\/wp\/v2\/posts\/25393","targetHints":{"allow":["GET"]}}],"collection":[{"href":"https:\/\/www.caririemacao.com\/1\/wp-json\/wp\/v2\/posts"}],"about":[{"href":"https:\/\/www.caririemacao.com\/1\/wp-json\/wp\/v2\/types\/post"}],"author":[{"embeddable":true,"href":"https:\/\/www.caririemacao.com\/1\/wp-json\/wp\/v2\/users\/2"}],"replies":[{"embeddable":true,"href":"https:\/\/www.caririemacao.com\/1\/wp-json\/wp\/v2\/comments?post=25393"}],"version-history":[{"count":0,"href":"https:\/\/www.caririemacao.com\/1\/wp-json\/wp\/v2\/posts\/25393\/revisions"}],"wp:featuredmedia":[{"embeddable":true,"href":"https:\/\/www.caririemacao.com\/1\/wp-json\/wp\/v2\/media\/25173"}],"wp:attachment":[{"href":"https:\/\/www.caririemacao.com\/1\/wp-json\/wp\/v2\/media?parent=25393"}],"wp:term":[{"taxonomy":"category","embeddable":true,"href":"https:\/\/www.caririemacao.com\/1\/wp-json\/wp\/v2\/categories?post=25393"},{"taxonomy":"post_tag","embeddable":true,"href":"https:\/\/www.caririemacao.com\/1\/wp-json\/wp\/v2\/tags?post=25393"}],"curies":[{"name":"wp","href":"https:\/\/api.w.org\/{rel}","templated":true}]}}