{"id":25396,"date":"2017-08-05T13:57:02","date_gmt":"2017-08-05T16:57:02","guid":{"rendered":"http:\/\/caririemacao.com\/1\/?p=25396"},"modified":"2017-08-05T13:57:02","modified_gmt":"2017-08-05T16:57:02","slug":"hugo-motta-se-apresenta-para-assumir-ministerio-das-cidades-de-temer","status":"publish","type":"post","link":"https:\/\/www.caririemacao.com\/1\/2017\/08\/05\/hugo-motta-se-apresenta-para-assumir-ministerio-das-cidades-de-temer\/","title":{"rendered":"Hugo Motta se apresenta para assumir Minist\u00e9rio das Cidades de Temer"},"content":{"rendered":"<div>O deputado federal paraibano Hugo Motta (PMDB) est\u00e1 no p\u00e1reo para disputar o Minist\u00e9rio das Cidades. Ele apresentou seu nome no momento em que o PSDB pode perder a Pasta por causa divis\u00e3o que atingiu a legenda e ficou expl\u00edcita esta semana durante a vota\u00e7\u00e3o que decidiu barrar a investiga\u00e7\u00e3o que o procurador geral da Rep\u00fablica, Rodrigo Janot, queria fazer a respeito de corrup\u00e7\u00e3o passiva por parte do presidente. Apesar de ter vencido a parada, Temer agora parte para punir aqueles que n\u00e3o rezaram em sua cartilha. A informa\u00e7\u00e3o \u00e9 da Revista Veja. Confira a \u00edntegra da not\u00edcia abaixo:<\/div>\n<div><\/div>\n<div>A fatura est\u00e1 na mesa. Ap\u00f3s salvar o mandato de Michel Temer e arquivar a den\u00fancia por corrup\u00e7\u00e3o passiva, aliados do peemedebista est\u00e3o de olho em uma das mais robustas pastas da Esplanada: o Minist\u00e9rio das Cidades. Partidos da base aumentaram a carga contra a presen\u00e7a do PSDB no governo, que rachou durante a vota\u00e7\u00e3o da den\u00fancia (foram 22 votos favor\u00e1veis, 21 contra e quatro aus\u00eancias), e j\u00e1 travam uma batalha para ocupar a cadeira do tucano Bruno Ara\u00fajo.<\/div>\n<div><\/div>\n<div>O \u201ccentr\u00e3o\u201d, grupo multipartid\u00e1rio que foi decisivo para salvar Temer, tenta migrar Gilberto Kassab (PSD), hoje ministro de Ci\u00eancia, Tecnologia, Inova\u00e7\u00f5es e Comunica\u00e7\u00f5es, para Cidades. \u201cO centr\u00e3o n\u00e3o admite mais o PSDB. O presidente ter\u00e1 de fazer uma escolha\u201d, diz um deputado. \u201cDe agora em diante, Temer ter\u00e1 dificuldades e, dependendo da atitude dele, vai ficar com a governabilidade comprometida.\u201d<\/div>\n<div><\/div>\n<div>O PMDB tamb\u00e9m j\u00e1 se engalfinha pela pasta. O deputado Carlos Marun (MS), um dos mais aguerridos defensores de Temer na C\u00e2mara, fez chegar ao Planalto o seu sonho de assumir o Minist\u00e9rio das Cidades. Exalta, para isso, a sua experi\u00eancia como secret\u00e1rio de Habita\u00e7\u00e3o em Mato Grosso. Hugo Motta (PB) \u00e9 outro que sinalizou interesse em assumir o posto de Bruno Ara\u00fajo.<\/div>\n<div><\/div>\n<div>Tamb\u00e9m comandada por um tucano, a Secretaria de Governo, hoje com Antonio Imbassahy \u00e0 frente, tamb\u00e9m est\u00e1 na mira. A pasta \u00e9 respons\u00e1vel pela articula\u00e7\u00e3o entre o Planalto e o Congresso e detentora da caneta que libera emendas, cargos e verbas vias programas ministeriais. Um dos que j\u00e1 demonstraram interesse em assumir o cargo \u00e9 o l\u00edder do PTB, Jovair Arantes (GO).<\/div>\n<div><\/div>\n<div>Ao menos por ora, por\u00e9m, o governo n\u00e3o demonstrou interesse em desalojar o PSDB ou promover uma mudan\u00e7a na composi\u00e7\u00e3o da Esplanada. Enquanto isso, seus mesmos aliados esticam a disputa por postos no 2\u00ba e 3\u00ba escal\u00e3o.<\/div>\n<div>\n<p><strong>CARIRI EM A\u00c7\u00c3O<\/strong><\/p>\n<p><em>Com Parlamento\u00a0PB\/Foto: Google<\/em><\/p>\n<p><strong>Leia mais not\u00edcias em\u00a0<\/strong><a href=\"http:\/\/www.caririemacao.com\/\"><strong>caririemacao.com<\/strong><\/a><strong>, siga nossa p\u00e1gina no\u00a0<\/strong><a href=\"https:\/\/www.facebook.com\/CaririEmAcao\/?ref=aymt_homepage_panel\"><strong>Facebook<\/strong><\/a>,<strong>\u00a0<\/strong><a href=\"https:\/\/www.instagram.com\/cariri_em_acao\/?hl=pt-br\"><strong>Instagram<\/strong><\/a><strong>\u00a0e <\/strong><a href=\"https:\/\/www.youtube.com\/channel\/UCAptA0jQuYQy8vMhLt2m4qg\"><strong>Youtube<\/strong><\/a><strong>\u00a0e veja nossas mat\u00e9rias, v\u00eddeos e fotos. Voc\u00ea tamb\u00e9m pode enviar informa\u00e7\u00f5es \u00e0 Reda\u00e7\u00e3o do Portal Cariri em A\u00e7\u00e3o pelo WhatsApp (83) 9 9634.5791, (83) 9 9601-1162.<\/strong><\/p>\n<\/div>\n","protected":false},"excerpt":{"rendered":"<p>O deputado federal paraibano Hugo Motta (PMDB) est\u00e1 no p\u00e1reo para disputar o Minist\u00e9rio das Cidades. Ele apresentou seu nome no momento em que o&hellip; <\/p>\n","protected":false},"author":2,"featured_media":25397,"comment_status":"closed","ping_status":"closed","sticky":false,"template":"","format":"standard","meta":{"sfsi_plus_gutenberg_text_before_share":"","sfsi_plus_gutenberg_show_text_before_share":"","sfsi_plus_gutenberg_icon_type":"","sfsi_plus_gutenberg_icon_alignemt":"","sfsi_plus_gutenburg_max_per_row":"","footnotes":""},"categories":[11],"tags":[],"class_list":["post-25396","post","type-post","status-publish","format-standard","has-post-thumbnail","hentry","category-politica"],"_links":{"self":[{"href":"https:\/\/www.caririemacao.com\/1\/wp-json\/wp\/v2\/posts\/25396","targetHints":{"allow":["GET"]}}],"collection":[{"href":"https:\/\/www.caririemacao.com\/1\/wp-json\/wp\/v2\/posts"}],"about":[{"href":"https:\/\/www.caririemacao.com\/1\/wp-json\/wp\/v2\/types\/post"}],"author":[{"embeddable":true,"href":"https:\/\/www.caririemacao.com\/1\/wp-json\/wp\/v2\/users\/2"}],"replies":[{"embeddable":true,"href":"https:\/\/www.caririemacao.com\/1\/wp-json\/wp\/v2\/comments?post=25396"}],"version-history":[{"count":0,"href":"https:\/\/www.caririemacao.com\/1\/wp-json\/wp\/v2\/posts\/25396\/revisions"}],"wp:featuredmedia":[{"embeddable":true,"href":"https:\/\/www.caririemacao.com\/1\/wp-json\/wp\/v2\/media\/25397"}],"wp:attachment":[{"href":"https:\/\/www.caririemacao.com\/1\/wp-json\/wp\/v2\/media?parent=25396"}],"wp:term":[{"taxonomy":"category","embeddable":true,"href":"https:\/\/www.caririemacao.com\/1\/wp-json\/wp\/v2\/categories?post=25396"},{"taxonomy":"post_tag","embeddable":true,"href":"https:\/\/www.caririemacao.com\/1\/wp-json\/wp\/v2\/tags?post=25396"}],"curies":[{"name":"wp","href":"https:\/\/api.w.org\/{rel}","templated":true}]}}