{"id":25399,"date":"2017-08-06T08:51:55","date_gmt":"2017-08-06T11:51:55","guid":{"rendered":"http:\/\/caririemacao.com\/1\/?p=25399"},"modified":"2017-08-06T09:51:15","modified_gmt":"2017-08-06T12:51:15","slug":"camara-de-gurjao-retoma-trabalhos-legislativos","status":"publish","type":"post","link":"https:\/\/www.caririemacao.com\/1\/2017\/08\/06\/camara-de-gurjao-retoma-trabalhos-legislativos\/","title":{"rendered":"C\u00e2mara de Gurj\u00e3o retoma trabalhos legislativos"},"content":{"rendered":"<p>A C\u00e2mara Municipal de Gurj\u00e3o, Casa \u201cAgripino de Farias Gurj\u00e3o\u201d, retomou na noite desta sexta-feira, dia 4 de agosto, as atividades parlamentares. A sess\u00e3o que marcou a volta do recesso parlamentar teve in\u00edcio por volta das 8 horas da noite e contou com a presen\u00e7a de todos os vereadores. Os trabalhos foram mediados pelo presidente Adailson Queiroz (Adailsinho).<\/p>\n<p><a href=\"http:\/\/caririemacao.com\/1\/wp-content\/uploads\/2017\/08\/DSC_0185.jpg\"><img fetchpriority=\"high\" decoding=\"async\" class=\"aligncenter wp-image-25402 size-full\" src=\"http:\/\/caririemacao.com\/1\/wp-content\/uploads\/2017\/08\/DSC_0185.jpg\" alt=\"\" width=\"800\" height=\"533\" srcset=\"https:\/\/www.caririemacao.com\/1\/wp-content\/uploads\/2017\/08\/DSC_0185.jpg 800w, https:\/\/www.caririemacao.com\/1\/wp-content\/uploads\/2017\/08\/DSC_0185-300x200.jpg 300w, https:\/\/www.caririemacao.com\/1\/wp-content\/uploads\/2017\/08\/DSC_0185-768x512.jpg 768w\" sizes=\"(max-width: 800px) 100vw, 800px\" \/><\/a><\/p>\n<p>A volta do recesso parlamentar foi marcada pela apresenta\u00e7\u00e3o de v\u00e1rias proposituras que foram discutidas e aprovadas pelos vereadores.<\/p>\n<p><strong>Confira as proposituras:<\/strong><\/p>\n<p><a href=\"http:\/\/caririemacao.com\/1\/wp-content\/uploads\/2017\/08\/DSC_0169.jpg\"><img decoding=\"async\" class=\"aligncenter wp-image-25401 size-full lazyload\" data-src=\"http:\/\/caririemacao.com\/1\/wp-content\/uploads\/2017\/08\/DSC_0169.jpg\" alt=\"\" width=\"800\" height=\"533\" data-srcset=\"https:\/\/www.caririemacao.com\/1\/wp-content\/uploads\/2017\/08\/DSC_0169.jpg 800w, https:\/\/www.caririemacao.com\/1\/wp-content\/uploads\/2017\/08\/DSC_0169-300x200.jpg 300w, https:\/\/www.caririemacao.com\/1\/wp-content\/uploads\/2017\/08\/DSC_0169-768x512.jpg 768w\" data-sizes=\"(max-width: 800px) 100vw, 800px\" src=\"data:image\/svg+xml;base64,PHN2ZyB3aWR0aD0iMSIgaGVpZ2h0PSIxIiB4bWxucz0iaHR0cDovL3d3dy53My5vcmcvMjAwMC9zdmciPjwvc3ZnPg==\" style=\"--smush-placeholder-width: 800px; --smush-placeholder-aspect-ratio: 800\/533;\" \/><\/a><\/p>\n<p>O Vereador <strong>Robson Cordeiro<\/strong>\u00a0apresentou uma Projeto de Emenda Modificativa que reduz o recesso da C\u00e2mara.<\/p>\n<p><img decoding=\"async\" class=\"aligncenter wp-image-25406 size-full lazyload\" data-src=\"http:\/\/caririemacao.com\/1\/wp-content\/uploads\/2017\/08\/DSC_0207.jpg\" alt=\"\" width=\"800\" height=\"533\" data-srcset=\"https:\/\/www.caririemacao.com\/1\/wp-content\/uploads\/2017\/08\/DSC_0207.jpg 800w, https:\/\/www.caririemacao.com\/1\/wp-content\/uploads\/2017\/08\/DSC_0207-300x200.jpg 300w, https:\/\/www.caririemacao.com\/1\/wp-content\/uploads\/2017\/08\/DSC_0207-768x512.jpg 768w\" data-sizes=\"(max-width: 800px) 100vw, 800px\" src=\"data:image\/svg+xml;base64,PHN2ZyB3aWR0aD0iMSIgaGVpZ2h0PSIxIiB4bWxucz0iaHR0cDovL3d3dy53My5vcmcvMjAwMC9zdmciPjwvc3ZnPg==\" style=\"--smush-placeholder-width: 800px; --smush-placeholder-aspect-ratio: 800\/533;\" \/><\/p>\n<p>O vereador<strong> Diogo Coutinho<\/strong> solicitou votos de profundo pesar pela morte de Jos\u00e9 de Ribamar Gurj\u00e3o Coutinho (Riba de Chieta) e de Helena Teixeira Alves (teca).<\/p>\n<p><img decoding=\"async\" class=\"aligncenter wp-image-25404 size-full lazyload\" data-src=\"http:\/\/caririemacao.com\/1\/wp-content\/uploads\/2017\/08\/DSC_0199.jpg\" alt=\"\" width=\"800\" height=\"533\" data-srcset=\"https:\/\/www.caririemacao.com\/1\/wp-content\/uploads\/2017\/08\/DSC_0199.jpg 800w, https:\/\/www.caririemacao.com\/1\/wp-content\/uploads\/2017\/08\/DSC_0199-300x200.jpg 300w, https:\/\/www.caririemacao.com\/1\/wp-content\/uploads\/2017\/08\/DSC_0199-768x512.jpg 768w\" data-sizes=\"(max-width: 800px) 100vw, 800px\" src=\"data:image\/svg+xml;base64,PHN2ZyB3aWR0aD0iMSIgaGVpZ2h0PSIxIiB4bWxucz0iaHR0cDovL3d3dy53My5vcmcvMjAwMC9zdmciPjwvc3ZnPg==\" style=\"--smush-placeholder-width: 800px; --smush-placeholder-aspect-ratio: 800\/533;\" \/><\/p>\n<p><strong>Junior de Morais<\/strong> solicitou do prefeito Ronaldo Ramos de Queiroz a inclus\u00e3o em seu plano de governo o recapeamento da estrada que liga a comunidade de Riacho Salgado a PB-176. O parlamentar ainda pediu que a Secretaria de Infraestrutura estudasse a possibilidade da constru\u00e7\u00e3o de vesti\u00e1rio e banheiro na quadra municipal da comunidade de Riacho Salgado. A terceira indica\u00e7\u00e3o feita pelo parlamentar \u00e0 gest\u00e3o municipal foi \u00e0 necessidade de instala\u00e7\u00e3o de uma cerca no entorno do a\u00e7ude p\u00fablico da comunidade de Riacho dos Reis.<\/p>\n<p><img decoding=\"async\" class=\"wp-image-25403 size-full aligncenter lazyload\" data-src=\"http:\/\/caririemacao.com\/1\/wp-content\/uploads\/2017\/08\/DSC_0190.jpg\" alt=\"\" width=\"800\" height=\"533\" data-srcset=\"https:\/\/www.caririemacao.com\/1\/wp-content\/uploads\/2017\/08\/DSC_0190.jpg 800w, https:\/\/www.caririemacao.com\/1\/wp-content\/uploads\/2017\/08\/DSC_0190-300x200.jpg 300w, https:\/\/www.caririemacao.com\/1\/wp-content\/uploads\/2017\/08\/DSC_0190-768x512.jpg 768w\" data-sizes=\"(max-width: 800px) 100vw, 800px\" src=\"data:image\/svg+xml;base64,PHN2ZyB3aWR0aD0iMSIgaGVpZ2h0PSIxIiB4bWxucz0iaHR0cDovL3d3dy53My5vcmcvMjAwMC9zdmciPjwvc3ZnPg==\" style=\"--smush-placeholder-width: 800px; --smush-placeholder-aspect-ratio: 800\/533;\" \/><\/p>\n<p><strong>Marcelo de Farias<\/strong>, durante os trabalhos de ontem o vereador apresentou um voto de aplauso ao grupo de jovens denominado, Oxente Gurj\u00e3o, pelos trabalhos desenvolvidos, principalmente durante o evento Bode na Rua.<\/p>\n<p><img decoding=\"async\" class=\"aligncenter wp-image-25407 size-full lazyload\" data-src=\"http:\/\/caririemacao.com\/1\/wp-content\/uploads\/2017\/08\/DSC_0209.jpg\" alt=\"\" width=\"800\" height=\"533\" data-srcset=\"https:\/\/www.caririemacao.com\/1\/wp-content\/uploads\/2017\/08\/DSC_0209.jpg 800w, https:\/\/www.caririemacao.com\/1\/wp-content\/uploads\/2017\/08\/DSC_0209-300x200.jpg 300w, https:\/\/www.caririemacao.com\/1\/wp-content\/uploads\/2017\/08\/DSC_0209-768x512.jpg 768w\" data-sizes=\"(max-width: 800px) 100vw, 800px\" src=\"data:image\/svg+xml;base64,PHN2ZyB3aWR0aD0iMSIgaGVpZ2h0PSIxIiB4bWxucz0iaHR0cDovL3d3dy53My5vcmcvMjAwMC9zdmciPjwvc3ZnPg==\" style=\"--smush-placeholder-width: 800px; --smush-placeholder-aspect-ratio: 800\/533;\" \/><\/p>\n<p>J\u00e1 o vereador <strong>Alexsandro Cavalcante<\/strong>\u00a0solicitou da Secretaria de Infraestrutura um carro pipa para abastecer as resid\u00eancias da comunidade do s\u00edtio Riacho dos Reis.<\/p>\n<p><img decoding=\"async\" class=\"aligncenter wp-image-25409 size-full lazyload\" data-src=\"http:\/\/caririemacao.com\/1\/wp-content\/uploads\/2017\/08\/DSC_0206-1.jpg\" alt=\"\" width=\"800\" height=\"533\" data-srcset=\"https:\/\/www.caririemacao.com\/1\/wp-content\/uploads\/2017\/08\/DSC_0206-1.jpg 800w, https:\/\/www.caririemacao.com\/1\/wp-content\/uploads\/2017\/08\/DSC_0206-1-300x200.jpg 300w, https:\/\/www.caririemacao.com\/1\/wp-content\/uploads\/2017\/08\/DSC_0206-1-768x512.jpg 768w\" data-sizes=\"(max-width: 800px) 100vw, 800px\" src=\"data:image\/svg+xml;base64,PHN2ZyB3aWR0aD0iMSIgaGVpZ2h0PSIxIiB4bWxucz0iaHR0cDovL3d3dy53My5vcmcvMjAwMC9zdmciPjwvc3ZnPg==\" style=\"--smush-placeholder-width: 800px; --smush-placeholder-aspect-ratio: 800\/533;\" \/><\/p>\n<div class=\"mceTemp\">O parlamentar <strong>Gilberto de Oliveira<\/strong>\u00a0solicitou da Secretaria de Infraestrutura e Agricultura, a convers\u00e3o das horas de trator e grade aradora que n\u00e3o foram usadas nos per\u00edodos das chuvas, em horas de m\u00e1quina para limpeza dos barreiros e barragens dos agricultores de toda a zona rural do munic\u00edpio.<\/div>\n<p>CONFIRA FOTOS DA SESS\u00c3O<\/p>\n<p style=\"text-align: center;\"><iframe style=\"border: none; overflow: hidden;\" data-src=\"https:\/\/www.facebook.com\/plugins\/post.php?href=https%3A%2F%2Fwww.facebook.com%2Fmedia%2Fset%2F%3Fset%3Da.1073422159460473.1073742518.302749469861083%26type%3D3&amp;width=500\" width=\"500\" height=\"664\" frameborder=\"0\" scrolling=\"no\" src=\"data:image\/svg+xml;base64,PHN2ZyB3aWR0aD0iMSIgaGVpZ2h0PSIxIiB4bWxucz0iaHR0cDovL3d3dy53My5vcmcvMjAwMC9zdmciPjwvc3ZnPg==\" class=\"lazyload\" data-load-mode=\"1\"><\/iframe><\/p>\n<p>CONFIRA ENTREVISTA COM O PRESIDENTE ADAILSON QUEIROZ<\/p>\n<p><div class=\"ose- ose-uid-814bee03487997858a15178245a39f05 ose-embedpress-responsive\" style=\"width:600px; height:550px; max-height:550px; max-width:100%; display:inline-block;\" data-embed-type=\"Facebook\"><iframe allowFullScreen=\"true\" class=\"embera-facebook-iframe-814be lazyload\" data-src=\"https:\/\/www.facebook.com\/plugins\/post.php?href=https%3A%2F%2Fwww.facebook.com%2FCaririEmAcao%2Fvideos%2F1072982916171064%2F&width=600&height=550&show_text=true\" width=\"600\" height=\"550\" style=\"border:none;overflow:hidden\" scrolling=\"no\" frameborder=\"0\" allowTransparency=\"true\" src=\"data:image\/svg+xml;base64,PHN2ZyB3aWR0aD0iMSIgaGVpZ2h0PSIxIiB4bWxucz0iaHR0cDovL3d3dy53My5vcmcvMjAwMC9zdmciPjwvc3ZnPg==\" data-load-mode=\"1\"><\/iframe><\/div><\/p>\n<p><strong>CONFIRA ENTREVISTA COM O VEREADOR MARCELO FARIAS<\/strong><\/p>\n<p><div class=\"ose- ose-uid-3df5eb6350929c26e20b7aa3f218f9e4 ose-embedpress-responsive\" style=\"width:600px; height:550px; max-height:550px; max-width:100%; display:inline-block;\" data-embed-type=\"Facebook\"><iframe allowFullScreen=\"true\" class=\"embera-facebook-iframe-3df5e lazyload\" data-src=\"https:\/\/www.facebook.com\/plugins\/post.php?href=https%3A%2F%2Fwww.facebook.com%2FCaririEmAcao%2Fvideos%2F1072975559505133%2F&width=600&height=550&show_text=true\" width=\"600\" height=\"550\" style=\"border:none;overflow:hidden\" scrolling=\"no\" frameborder=\"0\" allowTransparency=\"true\" src=\"data:image\/svg+xml;base64,PHN2ZyB3aWR0aD0iMSIgaGVpZ2h0PSIxIiB4bWxucz0iaHR0cDovL3d3dy53My5vcmcvMjAwMC9zdmciPjwvc3ZnPg==\" data-load-mode=\"1\"><\/iframe><\/div><\/p>\n<p><strong>CARIRI EM A\u00c7\u00c3O<\/strong><\/p>\n<p><strong>Leia mais not\u00edcias em\u00a0<\/strong><a href=\"http:\/\/www.caririemacao.com\/\"><strong>caririemacao.com<\/strong><\/a><strong>, siga nossa p\u00e1gina no\u00a0<\/strong><a href=\"https:\/\/www.facebook.com\/CaririEmAcao\/?ref=aymt_homepage_panel\"><strong>Facebook<\/strong><\/a>,<strong>\u00a0<a href=\"https:\/\/www.instagram.com\/cariri_em_acao\/?hl=pt-br\">Instagram<\/a>\u00a0e <\/strong><a href=\"https:\/\/www.youtube.com\/channel\/UCAptA0jQuYQy8vMhLt2m4qg\"><strong>Youtube<\/strong><\/a><strong>\u00a0e veja nossas mat\u00e9rias, v\u00eddeos e fotos. Voc\u00ea tamb\u00e9m pode enviar informa\u00e7\u00f5es \u00e0 Reda\u00e7\u00e3o do Portal Cariri em A\u00e7\u00e3o pelo WhatsApp (83) 9 9634.5791, (83) 9 9601-1162.<\/strong><\/p>\n","protected":false},"excerpt":{"rendered":"<p>A C\u00e2mara Municipal de Gurj\u00e3o, Casa \u201cAgripino de Farias Gurj\u00e3o\u201d, retomou na noite desta sexta-feira, dia 4 de agosto, as atividades parlamentares. A sess\u00e3o que&hellip; <\/p>\n","protected":false},"author":2,"featured_media":25408,"comment_status":"closed","ping_status":"closed","sticky":false,"template":"","format":"standard","meta":{"sfsi_plus_gutenberg_text_before_share":"","sfsi_plus_gutenberg_show_text_before_share":"","sfsi_plus_gutenberg_icon_type":"","sfsi_plus_gutenberg_icon_alignemt":"","sfsi_plus_gutenburg_max_per_row":"","footnotes":""},"categories":[11],"tags":[],"class_list":["post-25399","post","type-post","status-publish","format-standard","has-post-thumbnail","hentry","category-politica"],"_links":{"self":[{"href":"https:\/\/www.caririemacao.com\/1\/wp-json\/wp\/v2\/posts\/25399","targetHints":{"allow":["GET"]}}],"collection":[{"href":"https:\/\/www.caririemacao.com\/1\/wp-json\/wp\/v2\/posts"}],"about":[{"href":"https:\/\/www.caririemacao.com\/1\/wp-json\/wp\/v2\/types\/post"}],"author":[{"embeddable":true,"href":"https:\/\/www.caririemacao.com\/1\/wp-json\/wp\/v2\/users\/2"}],"replies":[{"embeddable":true,"href":"https:\/\/www.caririemacao.com\/1\/wp-json\/wp\/v2\/comments?post=25399"}],"version-history":[{"count":0,"href":"https:\/\/www.caririemacao.com\/1\/wp-json\/wp\/v2\/posts\/25399\/revisions"}],"wp:featuredmedia":[{"embeddable":true,"href":"https:\/\/www.caririemacao.com\/1\/wp-json\/wp\/v2\/media\/25408"}],"wp:attachment":[{"href":"https:\/\/www.caririemacao.com\/1\/wp-json\/wp\/v2\/media?parent=25399"}],"wp:term":[{"taxonomy":"category","embeddable":true,"href":"https:\/\/www.caririemacao.com\/1\/wp-json\/wp\/v2\/categories?post=25399"},{"taxonomy":"post_tag","embeddable":true,"href":"https:\/\/www.caririemacao.com\/1\/wp-json\/wp\/v2\/tags?post=25399"}],"curies":[{"name":"wp","href":"https:\/\/api.w.org\/{rel}","templated":true}]}}