{"id":25414,"date":"2017-08-05T20:00:53","date_gmt":"2017-08-05T23:00:53","guid":{"rendered":"http:\/\/caririemacao.com\/1\/?p=25414"},"modified":"2017-08-05T20:00:53","modified_gmt":"2017-08-05T23:00:53","slug":"reforma-da-previdencia-sera-a-possivel-diz-temer-em-entrevista","status":"publish","type":"post","link":"https:\/\/www.caririemacao.com\/1\/2017\/08\/05\/reforma-da-previdencia-sera-a-possivel-diz-temer-em-entrevista\/","title":{"rendered":"Reforma da Previd\u00eancia ser\u00e1 &#8220;a poss\u00edvel&#8221;, diz Temer em entrevista"},"content":{"rendered":"<p>O presidente Michel Temer disse, em entrevista publicada neste s\u00e1bado (5) pelo jornal O Estado de S. Paulo, acreditar que a reforma da Previd\u00eancia ser\u00e1 aprovada no Congresso at\u00e9 o final de outubro, mas admitiu que ela n\u00e3o ser\u00e1 \u201cabrangente\u201d como inicialmente previsto, parecendo-se mais com uma \u201catualiza\u00e7\u00e3o previdenci\u00e1ria\u201d.<\/p>\n<p>\u201cA gente faz agora a reforma que \u00e9 poss\u00edvel. E, sendo uma reforma poss\u00edvel, ela n\u00e3o ser\u00e1 t\u00e3o abrangente como deveria s\u00ea-lo. Ent\u00e3o, \u00e9 poss\u00edvel que daqui a seis, sete, oito anos, tenha que fazer uma nova atualiza\u00e7\u00e3o\u201d, disse o presidente na entrevista, que segundo o jornal durou cerca de 1 hora e foi realizada ontem (4), no gabinete presidencial.<\/p>\n<p>Temer afirmou que a reforma n\u00e3o deve se restringir somente \u00e0 aprova\u00e7\u00e3o de uma idade m\u00ednima para a aposentadoria, mas levar a cabo tamb\u00e9m medidas para reduzir as diferen\u00e7as entre os sistemas de Previd\u00eancia privados e p\u00fablicos.<\/p>\n<p>O presidente deu as declara\u00e7\u00f5es pouco depois de ter obtido, na \u00faltima ter\u00e7a-feira (2), na C\u00e2mara dos Deputados, 263 votos para interromper a an\u00e1lise, pelo Supremo Tribunal Federal (STF), de uma den\u00fancia por corrup\u00e7\u00e3o passiva apresentada contra ele pelo procurador-geral da Rep\u00fablica, Rodrigo Janot, tendo como base a dela\u00e7\u00e3o dos donos da empresa JBS.<\/p>\n<p>Apesar de suficiente para suspender a poss\u00edvel abertura de a\u00e7\u00e3o penal contra o presidente, o placar da vota\u00e7\u00e3o ficou abaixo do previsto pela lideran\u00e7a do governo no Congresso. O resultado tamb\u00e9m \u00e9 menor do que os 308 votos necess\u00e1rios para aprovar a reforma da Previd\u00eancia.<\/p>\n<p>\u201cMuita gente que votou contra mim vota a favor da Previd\u00eancia. N\u00f3s podemos chegar a 310 votos\u201d, disse Temer. \u201cEu n\u00e3o acredito que eles votem contra o Brasil\u201d, afirmou depois, numa parte da entrevista que citava especificamente os 21 votos contr\u00e1rios a ele dados por deputados do PSDB, uma das principais siglas da base aliada.<\/p>\n<p>Temer acrescentou que as reformas pol\u00edtica e tribut\u00e1ria tamb\u00e9m continuam a ser tratadas como priorit\u00e1rias pelo governo. Ele n\u00e3o descartou que o governo analise a possibilidade de novos aumentos de impostos e tamb\u00e9m a altera\u00e7\u00e3o da meta fiscal deste ano, diante da dificuldade do governo de fechar as contas.<\/p>\n<p><strong>Lava Jato<\/strong><\/p>\n<p>Ao ser questionado sobre a possibilidade de nova den\u00fancia contra ele feita pelo procurador-geral Rodrigo Janot, Temer afirmou que \u201cse vier uma nova, vamos enfrent\u00e1-la\u201d, e voltou chamar a postura do chefe do Minist\u00e9rio P\u00fablico Federal de \u201cinstitucionalmente conden\u00e1vel\u201d.<\/p>\n<p>Temer disse esperar que, com a posse em setembro da nova procuradora-geral da Rep\u00fablica, Raquel Dodge, um \u201crumo correto\u201d seja dado \u00e0 Opera\u00e7\u00e3o Lava Jato. \u201cO rumo certo \u00e9 o cumprimento da lei. Rigorosamente o cumprimento da lei\u201d, afirmou.<\/p>\n<p>Ao ser perguntado sobre poss\u00edveis mudan\u00e7as no comando da Pol\u00edcia Federal, Temer respondeu \u201cN\u00e3o sei. Este \u00e9 um assunto que est\u00e1 sendo estudado pelo Minist\u00e9rio da Justi\u00e7a\u201d.<\/p>\n<p><strong>CARIRI EM A\u00c7\u00c3O<\/strong><\/p>\n<p><em>Com <span class=\"icon-category-politics\">Ag\u00eancia Brasil<\/span>\/Foto: Google<\/em><\/p>\n<p><strong>Leia mais not\u00edcias em\u00a0<\/strong><a href=\"http:\/\/www.caririemacao.com\/\"><strong>caririemacao.com<\/strong><\/a><strong>, siga nossa p\u00e1gina no\u00a0<\/strong><a href=\"https:\/\/www.facebook.com\/CaririEmAcao\/?ref=aymt_homepage_panel\"><strong>Facebook<\/strong><\/a>,<strong>\u00a0<\/strong><a href=\"https:\/\/www.instagram.com\/cariri_em_acao\/?hl=pt-br\"><strong>Instagram<\/strong><\/a><strong>\u00a0e <\/strong><a href=\"https:\/\/www.youtube.com\/channel\/UCAptA0jQuYQy8vMhLt2m4qg\"><strong>Youtube<\/strong><\/a><strong>\u00a0e veja nossas mat\u00e9rias, v\u00eddeos e fotos. Voc\u00ea tamb\u00e9m pode enviar informa\u00e7\u00f5es \u00e0 Reda\u00e7\u00e3o do Portal Cariri em A\u00e7\u00e3o pelo WhatsApp (83) 9 9634.5791, (83) 9 9601-1162.<\/strong><\/p>\n<nav class=\"toolbar\"><\/nav>\n","protected":false},"excerpt":{"rendered":"<p>O presidente Michel Temer disse, em entrevista publicada neste s\u00e1bado (5) pelo jornal O Estado de S. Paulo, acreditar que a reforma da Previd\u00eancia ser\u00e1&hellip; <\/p>\n","protected":false},"author":2,"featured_media":23671,"comment_status":"closed","ping_status":"closed","sticky":false,"template":"","format":"standard","meta":{"sfsi_plus_gutenberg_text_before_share":"","sfsi_plus_gutenberg_show_text_before_share":"","sfsi_plus_gutenberg_icon_type":"","sfsi_plus_gutenberg_icon_alignemt":"","sfsi_plus_gutenburg_max_per_row":"","footnotes":""},"categories":[2],"tags":[],"class_list":["post-25414","post","type-post","status-publish","format-standard","has-post-thumbnail","hentry","category-geral"],"_links":{"self":[{"href":"https:\/\/www.caririemacao.com\/1\/wp-json\/wp\/v2\/posts\/25414","targetHints":{"allow":["GET"]}}],"collection":[{"href":"https:\/\/www.caririemacao.com\/1\/wp-json\/wp\/v2\/posts"}],"about":[{"href":"https:\/\/www.caririemacao.com\/1\/wp-json\/wp\/v2\/types\/post"}],"author":[{"embeddable":true,"href":"https:\/\/www.caririemacao.com\/1\/wp-json\/wp\/v2\/users\/2"}],"replies":[{"embeddable":true,"href":"https:\/\/www.caririemacao.com\/1\/wp-json\/wp\/v2\/comments?post=25414"}],"version-history":[{"count":0,"href":"https:\/\/www.caririemacao.com\/1\/wp-json\/wp\/v2\/posts\/25414\/revisions"}],"wp:featuredmedia":[{"embeddable":true,"href":"https:\/\/www.caririemacao.com\/1\/wp-json\/wp\/v2\/media\/23671"}],"wp:attachment":[{"href":"https:\/\/www.caririemacao.com\/1\/wp-json\/wp\/v2\/media?parent=25414"}],"wp:term":[{"taxonomy":"category","embeddable":true,"href":"https:\/\/www.caririemacao.com\/1\/wp-json\/wp\/v2\/categories?post=25414"},{"taxonomy":"post_tag","embeddable":true,"href":"https:\/\/www.caririemacao.com\/1\/wp-json\/wp\/v2\/tags?post=25414"}],"curies":[{"name":"wp","href":"https:\/\/api.w.org\/{rel}","templated":true}]}}