{"id":25416,"date":"2017-08-06T08:15:54","date_gmt":"2017-08-06T11:15:54","guid":{"rendered":"http:\/\/caririemacao.com\/1\/?p=25416"},"modified":"2017-08-06T09:50:33","modified_gmt":"2017-08-06T12:50:33","slug":"camara-de-sao-joao-do-cariri-realiza-sessao-e-forma-comissao-processante","status":"publish","type":"post","link":"https:\/\/www.caririemacao.com\/1\/2017\/08\/06\/camara-de-sao-joao-do-cariri-realiza-sessao-e-forma-comissao-processante\/","title":{"rendered":"C\u00e2mara de S\u00e3o Jo\u00e3o do Cariri realiza sess\u00e3o e forma comiss\u00e3o processante"},"content":{"rendered":"<p>Na noite desta sexta-feira (4 ),a C\u00e2mara Municipal de S\u00e3o Jo\u00e3o do Cariri se reuniu mais uma vez e realizou a segunda sess\u00e3o ordin\u00e1ria do segundo semestre \u00a0de 2017. Na oportunidade, prestigiaram os trabalhos, o prefeito do munic\u00edpio, Cosme Gon\u00e7alves, o secret\u00e1rio de infraestrutura, Beto Gaud\u00eancio, e o vice-prefeito, Helder Trajano.<\/p>\n<p><img fetchpriority=\"high\" decoding=\"async\" class=\"aligncenter wp-image-25423 size-full\" src=\"http:\/\/caririemacao.com\/1\/wp-content\/uploads\/2017\/08\/DSC_0042.jpg\" alt=\"\" width=\"800\" height=\"532\" srcset=\"https:\/\/www.caririemacao.com\/1\/wp-content\/uploads\/2017\/08\/DSC_0042.jpg 800w, https:\/\/www.caririemacao.com\/1\/wp-content\/uploads\/2017\/08\/DSC_0042-300x200.jpg 300w, https:\/\/www.caririemacao.com\/1\/wp-content\/uploads\/2017\/08\/DSC_0042-768x511.jpg 768w\" sizes=\"(max-width: 800px) 100vw, 800px\" \/><\/p>\n<p>A reuni\u00e3o presidida pelo vereador H\u00e9lio Moraes teve apenas a aus\u00eancia do vereador George Aquino, licenciado por motivo de sa\u00fade, uma vez que o mesmo se encontra cirurgiado.<\/p>\n<p><img decoding=\"async\" class=\"aligncenter wp-image-25419 size-full lazyload\" data-src=\"http:\/\/caririemacao.com\/1\/wp-content\/uploads\/2017\/08\/DSC_0024.jpg\" alt=\"\" width=\"800\" height=\"532\" data-srcset=\"https:\/\/www.caririemacao.com\/1\/wp-content\/uploads\/2017\/08\/DSC_0024.jpg 800w, https:\/\/www.caririemacao.com\/1\/wp-content\/uploads\/2017\/08\/DSC_0024-300x200.jpg 300w, https:\/\/www.caririemacao.com\/1\/wp-content\/uploads\/2017\/08\/DSC_0024-768x511.jpg 768w\" data-sizes=\"(max-width: 800px) 100vw, 800px\" src=\"data:image\/svg+xml;base64,PHN2ZyB3aWR0aD0iMSIgaGVpZ2h0PSIxIiB4bWxucz0iaHR0cDovL3d3dy53My5vcmcvMjAwMC9zdmciPjwvc3ZnPg==\" style=\"--smush-placeholder-width: 800px; --smush-placeholder-aspect-ratio: 800\/532;\" \/><\/p>\n<p>Tamb\u00e9m esteve participando da reuni\u00e3o desta sexta-feira, o padre Valdir Campelo, p\u00e1roco do Santu\u00e1rio Nossa Senhora dos Milagres, de S\u00e3o Jo\u00e3o do Cariri. O padre Valdir estava acompanhado da comiss\u00e3o organizadora da Festa de Nossa Senhora dos Milagres 2017 falou da import\u00e2ncia do Poder P\u00fablico fomentar a Festa de Nossa Senhora dos Milagres. Ele ainda lembrou que a festa beneficia a cidade toda com o turismo religioso.<\/p>\n<p>A sess\u00e3o foi marcada pela apresenta\u00e7\u00e3o de v\u00e1rios requerimentos.<\/p>\n<p><strong>Confira a pauta que foi aprovada:<\/strong><\/p>\n<p><img decoding=\"async\" class=\"aligncenter wp-image-25418 size-full lazyload\" data-src=\"http:\/\/caririemacao.com\/1\/wp-content\/uploads\/2017\/08\/DSC_0014.jpg\" alt=\"\" width=\"800\" height=\"532\" data-srcset=\"https:\/\/www.caririemacao.com\/1\/wp-content\/uploads\/2017\/08\/DSC_0014.jpg 800w, https:\/\/www.caririemacao.com\/1\/wp-content\/uploads\/2017\/08\/DSC_0014-300x200.jpg 300w, https:\/\/www.caririemacao.com\/1\/wp-content\/uploads\/2017\/08\/DSC_0014-768x511.jpg 768w\" data-sizes=\"(max-width: 800px) 100vw, 800px\" src=\"data:image\/svg+xml;base64,PHN2ZyB3aWR0aD0iMSIgaGVpZ2h0PSIxIiB4bWxucz0iaHR0cDovL3d3dy53My5vcmcvMjAwMC9zdmciPjwvc3ZnPg==\" style=\"--smush-placeholder-width: 800px; --smush-placeholder-aspect-ratio: 800\/532;\" \/><\/p>\n<p><strong>Romero Ramos s<\/strong>olicitou ao prefeito municipal explica\u00e7\u00f5es sobre o recurso ordin\u00e1rio destinado a compra de terrenos.<\/p>\n<p><img decoding=\"async\" class=\"aligncenter wp-image-25422 size-full lazyload\" data-src=\"http:\/\/caririemacao.com\/1\/wp-content\/uploads\/2017\/08\/DSC_0039.jpg\" alt=\"\" width=\"800\" height=\"532\" data-srcset=\"https:\/\/www.caririemacao.com\/1\/wp-content\/uploads\/2017\/08\/DSC_0039.jpg 800w, https:\/\/www.caririemacao.com\/1\/wp-content\/uploads\/2017\/08\/DSC_0039-300x200.jpg 300w, https:\/\/www.caririemacao.com\/1\/wp-content\/uploads\/2017\/08\/DSC_0039-768x511.jpg 768w\" data-sizes=\"(max-width: 800px) 100vw, 800px\" src=\"data:image\/svg+xml;base64,PHN2ZyB3aWR0aD0iMSIgaGVpZ2h0PSIxIiB4bWxucz0iaHR0cDovL3d3dy53My5vcmcvMjAwMC9zdmciPjwvc3ZnPg==\" style=\"--smush-placeholder-width: 800px; --smush-placeholder-aspect-ratio: 800\/532;\" \/><\/p>\n<p><strong>Marcos Wender p<\/strong>ediu ao prefeito Cosme a cria\u00e7\u00e3o da Casa da Cultura em S\u00e3o Jo\u00e3o do Cariri.<\/p>\n<p><strong><img decoding=\"async\" class=\"aligncenter wp-image-25424 size-full lazyload\" data-src=\"http:\/\/caririemacao.com\/1\/wp-content\/uploads\/2017\/08\/DSC_0037.jpg\" alt=\"\" width=\"800\" height=\"532\" data-srcset=\"https:\/\/www.caririemacao.com\/1\/wp-content\/uploads\/2017\/08\/DSC_0037.jpg 800w, https:\/\/www.caririemacao.com\/1\/wp-content\/uploads\/2017\/08\/DSC_0037-300x200.jpg 300w, https:\/\/www.caririemacao.com\/1\/wp-content\/uploads\/2017\/08\/DSC_0037-768x511.jpg 768w\" data-sizes=\"(max-width: 800px) 100vw, 800px\" src=\"data:image\/svg+xml;base64,PHN2ZyB3aWR0aD0iMSIgaGVpZ2h0PSIxIiB4bWxucz0iaHR0cDovL3d3dy53My5vcmcvMjAwMC9zdmciPjwvc3ZnPg==\" style=\"--smush-placeholder-width: 800px; --smush-placeholder-aspect-ratio: 800\/532;\" \/><\/strong><\/p>\n<p><strong>Juber Ramos <\/strong>encaminhou um of\u00edcio ao deputado federal Efraim Filho, solicitando recursos para a constru\u00e7\u00e3o de uma passagem molhada no Rio Tapero\u00e1 para beneficiar as comunidades de Lucas, Po\u00e7o das Pedras, Macambira, Sacramento 1\u00a0 e 2, Curral do Meio, al\u00e9m de facilitar o acesso ao distrito Ribeira de Cabaceiras e da cidade de S\u00e3o Jo\u00e3o do Cariri ao munic\u00edpio de Cabaceiras.<\/p>\n<p><img decoding=\"async\" class=\"aligncenter wp-image-25417 size-full lazyload\" data-src=\"http:\/\/caririemacao.com\/1\/wp-content\/uploads\/2017\/08\/DSC_0011.jpg\" alt=\"\" width=\"800\" height=\"532\" data-srcset=\"https:\/\/www.caririemacao.com\/1\/wp-content\/uploads\/2017\/08\/DSC_0011.jpg 800w, https:\/\/www.caririemacao.com\/1\/wp-content\/uploads\/2017\/08\/DSC_0011-300x200.jpg 300w, https:\/\/www.caririemacao.com\/1\/wp-content\/uploads\/2017\/08\/DSC_0011-768x511.jpg 768w\" data-sizes=\"(max-width: 800px) 100vw, 800px\" src=\"data:image\/svg+xml;base64,PHN2ZyB3aWR0aD0iMSIgaGVpZ2h0PSIxIiB4bWxucz0iaHR0cDovL3d3dy53My5vcmcvMjAwMC9zdmciPjwvc3ZnPg==\" style=\"--smush-placeholder-width: 800px; --smush-placeholder-aspect-ratio: 800\/532;\" \/><\/p>\n<p><strong>Chic\u00e3o Medeiros\u00a0<\/strong>requereu da gerente regional da CAGEPA agilidade nas obras de encana\u00e7\u00e3o das casas do Conjunto Habitacional Yolanda Medeiros.<\/p>\n<p><img decoding=\"async\" class=\"aligncenter wp-image-25421 size-full lazyload\" data-src=\"http:\/\/caririemacao.com\/1\/wp-content\/uploads\/2017\/08\/DSC_0038.jpg\" alt=\"\" width=\"800\" height=\"532\" data-srcset=\"https:\/\/www.caririemacao.com\/1\/wp-content\/uploads\/2017\/08\/DSC_0038.jpg 800w, https:\/\/www.caririemacao.com\/1\/wp-content\/uploads\/2017\/08\/DSC_0038-300x200.jpg 300w, https:\/\/www.caririemacao.com\/1\/wp-content\/uploads\/2017\/08\/DSC_0038-768x511.jpg 768w\" data-sizes=\"(max-width: 800px) 100vw, 800px\" src=\"data:image\/svg+xml;base64,PHN2ZyB3aWR0aD0iMSIgaGVpZ2h0PSIxIiB4bWxucz0iaHR0cDovL3d3dy53My5vcmcvMjAwMC9zdmciPjwvc3ZnPg==\" style=\"--smush-placeholder-width: 800px; --smush-placeholder-aspect-ratio: 800\/532;\" \/><\/p>\n<p><strong>Robson Brito\u00a0<\/strong>solicitou ao secret\u00e1rio educa\u00e7\u00e3o, Isaac Farias, a instala\u00e7\u00e3o de cursos preparat\u00f3rios para o Enem. O parlamentar apresentou ainda um Voto de Pesar pelo falecimento do senhor Aderaldo Ferreira de Oliveira, que residia no s\u00edtio V\u00e1rzea Grande, munic\u00edpio de S\u00e3o Jo\u00e3o do Cariri.<\/p>\n<p><a href=\"http:\/\/caririemacao.com\/1\/wp-content\/uploads\/2017\/08\/DSC_0012.jpg\"><img decoding=\"async\" class=\"alignnone wp-image-25425 size-full lazyload\" data-src=\"http:\/\/caririemacao.com\/1\/wp-content\/uploads\/2017\/08\/DSC_0012.jpg\" alt=\"\" width=\"800\" height=\"532\" data-srcset=\"https:\/\/www.caririemacao.com\/1\/wp-content\/uploads\/2017\/08\/DSC_0012.jpg 800w, https:\/\/www.caririemacao.com\/1\/wp-content\/uploads\/2017\/08\/DSC_0012-300x200.jpg 300w, https:\/\/www.caririemacao.com\/1\/wp-content\/uploads\/2017\/08\/DSC_0012-768x511.jpg 768w\" data-sizes=\"(max-width: 800px) 100vw, 800px\" src=\"data:image\/svg+xml;base64,PHN2ZyB3aWR0aD0iMSIgaGVpZ2h0PSIxIiB4bWxucz0iaHR0cDovL3d3dy53My5vcmcvMjAwMC9zdmciPjwvc3ZnPg==\" style=\"--smush-placeholder-width: 800px; --smush-placeholder-aspect-ratio: 800\/532;\" \/><\/a><\/p>\n<p><strong>Vereador D\u00e3o\u00a0<\/strong>solicitou ao prefeito a cria\u00e7\u00e3o da Ouvidoria Municipal e adesivagem dos ve\u00edculos da Prefeitura Municipal.<\/p>\n<p>Ap\u00f3s ser apresentada a pauta do dia, o presidente H\u00e9lio Moraes iniciou a forma\u00e7\u00e3o da comiss\u00e3o processante que ir\u00e1 investigar den\u00fancias oferecidas por um l\u00edder partid\u00e1rio do munic\u00edpio em desfavor do vereador George Aquino.<\/p>\n<p><img decoding=\"async\" class=\"aligncenter wp-image-25426 size-full lazyload\" data-src=\"http:\/\/caririemacao.com\/1\/wp-content\/uploads\/2017\/08\/DSC_0046.jpg\" alt=\"\" width=\"800\" height=\"532\" data-srcset=\"https:\/\/www.caririemacao.com\/1\/wp-content\/uploads\/2017\/08\/DSC_0046.jpg 800w, https:\/\/www.caririemacao.com\/1\/wp-content\/uploads\/2017\/08\/DSC_0046-300x200.jpg 300w, https:\/\/www.caririemacao.com\/1\/wp-content\/uploads\/2017\/08\/DSC_0046-768x511.jpg 768w\" data-sizes=\"(max-width: 800px) 100vw, 800px\" src=\"data:image\/svg+xml;base64,PHN2ZyB3aWR0aD0iMSIgaGVpZ2h0PSIxIiB4bWxucz0iaHR0cDovL3d3dy53My5vcmcvMjAwMC9zdmciPjwvc3ZnPg==\" style=\"--smush-placeholder-width: 800px; --smush-placeholder-aspect-ratio: 800\/532;\" \/><\/p>\n<p>A escolha da comiss\u00e3o foi feita por sorteio e composta por um presidente, um relator e um membro, sendo o vereador Robson Brito como presidente, Francisco J\u00fanior como relator e ainda o vereador Romero Ramos como membro.<\/p>\n<p>H\u00e9lio explicou que a comiss\u00e3o tem o prazo de at\u00e9 90 dias para apresentar um relat\u00f3rio que ser\u00e1 votado. Ele lembrou que o prazo de 90 dias j\u00e1 est\u00e1 contando desde a \u00faltima sess\u00e3o dia 21 de julho quando foi aceita a den\u00fancia no \u00e2mbito do Poder Legislativo de S\u00e3o Jo\u00e3o do Cariri. A\u00a0comiss\u00e3o dar\u00e1 in\u00edcio aos trabalhos j\u00e1 nesta pr\u00f3xima semana.<\/p>\n<p><strong>Acompanhe o momento em que a C\u00e2mara de S\u00e3o Jo\u00e3o do Cariri realiza sorteio para a escolha dos integrantes da Comiss\u00e3o Processante que investigar\u00e1 den\u00fancias contra o vereador George Aquino.<\/strong><\/p>\n<p><div class=\"ose- ose-uid-18e99caefb662e65c5cb848b391f5ed1 ose-embedpress-responsive\" style=\"width:600px; height:550px; max-height:550px; max-width:100%; display:inline-block;\" data-embed-type=\"Facebook\"><iframe allowFullScreen=\"true\" class=\"embera-facebook-iframe-18e99 lazyload\" data-src=\"https:\/\/www.facebook.com\/plugins\/post.php?href=https%3A%2F%2Fwww.facebook.com%2FCaririEmAcao%2Fvideos%2F1073509612785061%2F&width=600&height=550&show_text=true\" width=\"600\" height=\"550\" style=\"border:none;overflow:hidden\" scrolling=\"no\" frameborder=\"0\" allowTransparency=\"true\" src=\"data:image\/svg+xml;base64,PHN2ZyB3aWR0aD0iMSIgaGVpZ2h0PSIxIiB4bWxucz0iaHR0cDovL3d3dy53My5vcmcvMjAwMC9zdmciPjwvc3ZnPg==\" data-load-mode=\"1\"><\/iframe><\/div><\/p>\n<p style=\"text-align: center;\"><iframe style=\"border: none; overflow: hidden;\" data-src=\"https:\/\/www.facebook.com\/plugins\/post.php?href=https%3A%2F%2Fwww.facebook.com%2Fmedia%2Fset%2F%3Fset%3Da.1073425729460116.1073742519.302749469861083%26type%3D3&amp;width=500\" width=\"500\" height=\"664\" frameborder=\"0\" scrolling=\"no\" src=\"data:image\/svg+xml;base64,PHN2ZyB3aWR0aD0iMSIgaGVpZ2h0PSIxIiB4bWxucz0iaHR0cDovL3d3dy53My5vcmcvMjAwMC9zdmciPjwvc3ZnPg==\" class=\"lazyload\" data-load-mode=\"1\"><\/iframe><\/p>\n<p><strong>CARIRI EM A\u00c7\u00c3O<\/strong><\/p>\n<p><strong>Leia mais not\u00edcias em\u00a0<\/strong><a href=\"http:\/\/www.caririemacao.com\/\"><strong>caririemacao.com<\/strong><\/a><strong>, siga nossa p\u00e1gina no\u00a0<\/strong><a href=\"https:\/\/www.facebook.com\/CaririEmAcao\/?ref=aymt_homepage_panel\"><strong>Facebook<\/strong><\/a>,<strong>\u00a0<a href=\"https:\/\/www.instagram.com\/cariri_em_acao\/?hl=pt-br\">Instagram<\/a>\u00a0e <\/strong><a href=\"https:\/\/www.youtube.com\/channel\/UCAptA0jQuYQy8vMhLt2m4qg\"><strong>Youtube<\/strong><\/a><strong>\u00a0e veja nossas mat\u00e9rias, v\u00eddeos e fotos. Voc\u00ea tamb\u00e9m pode enviar informa\u00e7\u00f5es \u00e0 Reda\u00e7\u00e3o do Portal Cariri em A\u00e7\u00e3o pelo WhatsApp (83) 9 9634.5791, (83) 9 9601-1162.<\/strong><\/p>\n","protected":false},"excerpt":{"rendered":"<p>Na noite desta sexta-feira (4 ),a C\u00e2mara Municipal de S\u00e3o Jo\u00e3o do Cariri se reuniu mais uma vez e realizou a segunda sess\u00e3o ordin\u00e1ria do&hellip; <\/p>\n","protected":false},"author":2,"featured_media":25420,"comment_status":"closed","ping_status":"closed","sticky":false,"template":"","format":"standard","meta":{"sfsi_plus_gutenberg_text_before_share":"","sfsi_plus_gutenberg_show_text_before_share":"","sfsi_plus_gutenberg_icon_type":"","sfsi_plus_gutenberg_icon_alignemt":"","sfsi_plus_gutenburg_max_per_row":"","footnotes":""},"categories":[2],"tags":[],"class_list":["post-25416","post","type-post","status-publish","format-standard","has-post-thumbnail","hentry","category-geral"],"_links":{"self":[{"href":"https:\/\/www.caririemacao.com\/1\/wp-json\/wp\/v2\/posts\/25416","targetHints":{"allow":["GET"]}}],"collection":[{"href":"https:\/\/www.caririemacao.com\/1\/wp-json\/wp\/v2\/posts"}],"about":[{"href":"https:\/\/www.caririemacao.com\/1\/wp-json\/wp\/v2\/types\/post"}],"author":[{"embeddable":true,"href":"https:\/\/www.caririemacao.com\/1\/wp-json\/wp\/v2\/users\/2"}],"replies":[{"embeddable":true,"href":"https:\/\/www.caririemacao.com\/1\/wp-json\/wp\/v2\/comments?post=25416"}],"version-history":[{"count":0,"href":"https:\/\/www.caririemacao.com\/1\/wp-json\/wp\/v2\/posts\/25416\/revisions"}],"wp:featuredmedia":[{"embeddable":true,"href":"https:\/\/www.caririemacao.com\/1\/wp-json\/wp\/v2\/media\/25420"}],"wp:attachment":[{"href":"https:\/\/www.caririemacao.com\/1\/wp-json\/wp\/v2\/media?parent=25416"}],"wp:term":[{"taxonomy":"category","embeddable":true,"href":"https:\/\/www.caririemacao.com\/1\/wp-json\/wp\/v2\/categories?post=25416"},{"taxonomy":"post_tag","embeddable":true,"href":"https:\/\/www.caririemacao.com\/1\/wp-json\/wp\/v2\/tags?post=25416"}],"curies":[{"name":"wp","href":"https:\/\/api.w.org\/{rel}","templated":true}]}}