{"id":25429,"date":"2017-08-05T20:22:20","date_gmt":"2017-08-05T23:22:20","guid":{"rendered":"http:\/\/caririemacao.com\/1\/?p=25429"},"modified":"2017-08-05T20:22:20","modified_gmt":"2017-08-05T23:22:20","slug":"um-ano-depois-da-rio-2016-arenas-olimpicas-sao-subutilizadas-e-vivem-abandono","status":"publish","type":"post","link":"https:\/\/www.caririemacao.com\/1\/2017\/08\/05\/um-ano-depois-da-rio-2016-arenas-olimpicas-sao-subutilizadas-e-vivem-abandono\/","title":{"rendered":"Um ano depois da Rio 2016, arenas ol\u00edmpicas s\u00e3o subutilizadas e vivem abandono"},"content":{"rendered":"<p>No ano passado, o Rio sediou o maior evento esportivo do mundo: as Olimp\u00edadas 2016. Para receber atletas e turistas de todo o mundo, os governos federal, estadual e municipal constru\u00edram estruturas para as disputas, como as arenas. Um ano depois, a maioria est\u00e1 praticamente parada, pouco utilizada para eventos esportivos ou nem tiveram um destino ainda. A reportagem da Ag\u00eancia Brasil verificou como est\u00e1 a situa\u00e7\u00e3o de algumas dessas estruturas.<\/p>\n<p><strong>Parque Ol\u00edmpico da Barra<\/strong><\/p>\n<p>Prometido como um dos maiores legados da Olimp\u00edada, o Parque Ol\u00edmpico da Barra, na zona oeste do Rio, n\u00e3o disp\u00f5e de uma programa\u00e7\u00e3o permanente para movimentar as instala\u00e7\u00f5es: as Arenas Cariocas 1 e 2, Arena 3, Vel\u00f3dromo e Centro Olimp\u00edco de T\u00eanis. Foram realizados nesses 12 meses eventos pontuais.<\/p>\n<p>Entre eles est\u00e3o Brincando com Esporte, com a participa\u00e7\u00e3o de cerca de 700 crian\u00e7as e adolescentes do Rio; a etapa brasileira do Circuito Mundial de V\u00f4lei de Praia; o Rio Bike Fest; o Circuito Interestadual de T\u00eanis de Mesa; o Gracie Pro Jiu-Jitsu; o T\u00eanis Rio Classes 2017 e ainda o Programa Esporte e Cidadania para Todos, que reuniu aproximadamente 450 crian\u00e7as.<\/p>\n<p>Das instala\u00e7\u00f5es, quatro est\u00e3o sob administra\u00e7\u00e3o do governo federal: as arenas 1 e 2, o Vel\u00f3dromo e o Centro Ol\u00edmpico de T\u00eanis. Em busca de dinheiro para a manuten\u00e7\u00e3o dos equipamentos esportivos, or\u00e7amento para treinamento de atletas, competi\u00e7\u00f5es esportivas e at\u00e9 realiza\u00e7\u00e3o de shows, a Autoridade de Governan\u00e7a do Legado Ol\u00edmpico (AGLO) &#8211; respons\u00e1vel por essas unidades e vinculada ao Minist\u00e9rio do Esporte &#8211; tenta o apoio da iniciativa privada, por meio de uma Parceria P\u00fablico-Privada (PPP), que est\u00e1 sendo elaborada pelo Banco Nacional de Desenvolvimento Econ\u00f4mico e Social (BNDES), por\u00e9m sem data para sair.<\/p>\n<p>\u201cO nosso planejamento \u00e9 fazer a concess\u00e3o at\u00e9 o segundo semestre do ano que vem. Essa \u00e9 a meta tra\u00e7ada com o BNDES\u201d, disse o ministro do Esporte, Leonardo Picciani.<\/p>\n<p>S\u00e3o necess\u00e1rios R$ 45 milh\u00f5es para custeio, manuten\u00e7\u00e3o, limpeza e seguran\u00e7a. De acordo com o ministro, os equipamentos t\u00eam sido usados para sediar eventos ligados a programas sociais, que atendem crian\u00e7as e adolescentes.<\/p>\n<p>Na madrugada do dia 30, um inc\u00eandio no Vel\u00f3dromo atingiu o teto da instala\u00e7\u00e3o. A unidade, que tinha programa\u00e7\u00e3o agendada, precisou ser fechada para reparos. As causas do inc\u00eandio est\u00e3o sendo investigadas, mas, a princ\u00edpio pode ter sido provocado pela queda de um bal\u00e3o. Atualmente, s\u00e3o gastos R$ 11 milh\u00f5es para a manuten\u00e7\u00e3o do local, incluindo a refrigera\u00e7\u00e3o necess\u00e1ria para a pista de madeira siberiana.<\/p>\n<p>\u201cQualifico como gasto necess\u00e1rio a ter um equipamento deste tipo. Temos hoje a pista mais veloz do mundo que atrai aten\u00e7\u00e3o de atletas do mundo inteiro. Ent\u00e3o, creio que o custo \u00e9 apropriado. O que n\u00f3s temos que fazer \u00e9 que o Vel\u00f3dromo funcione cada vez mais intenso, d\u00ea frutos ao esporte brasileiro cada vez mais consistentes e seja uma op\u00e7\u00e3o de lazer para pr\u00e1tica esportivas de brasileiros\u201d, argumentou o ministro, rebatendo cr\u00edticas de que o custo \u00e9 alto.<\/p>\n<p>Segundo Picciani, o governo est\u00e1 em busca de contratos para realiza\u00e7\u00e3o de eventos e competi\u00e7\u00f5es no local e, assim, reduzir as despesas. A Arena 3 est\u00e1 sob responsabilidade da prefeitura.<\/p>\n<p>Do lado de fora do parque, tamb\u00e9m h\u00e1 queixas. Vinte fam\u00edlias que vivem na Vila Aut\u00f3dromo &#8211; removida para constru\u00e7\u00e3o do parque &#8211; reclamam de abandono do local. Elas rejeitaram indeniza\u00e7\u00e3o da prefeitura para deixar a \u00e1rea. Segundo os moradores, as casas entregues, antes da Olimp\u00edada, est\u00e3o repletas de problemas, com pisos caindo e muros com rachaduras. As fam\u00edlias relatam que n\u00e3o receberam documenta\u00e7\u00e3o dos im\u00f3veis e pretendem recorrer \u00e0 Justi\u00e7a.<\/p>\n<p>As 300 fam\u00edlias que entraram em acordo com a prefeitura e se mudaram para um condom\u00ednio do programa Minha Casa Minha Vida, o Parque Carioca, tamb\u00e9m pretendem ingressar com a\u00e7\u00e3o judicial por considerarem a negocia\u00e7\u00e3o injusta. Em nota, a Secretaria de Urbanismo, Infraestrutura e Habita\u00e7\u00e3o diz n\u00e3o ter conhecimento sobre processos judiciais, informou que dados sobre indeniza\u00e7\u00f5es s\u00e3o sigilosos e que as parcelas referentes aos apartamentos do Parque Carioca est\u00e3o sendo pagas. A secretaria reconhece que alguns compromissos firmados com os remanescentes da Vila Aut\u00f3dromo n\u00e3o foram cumpridos.<\/p>\n<p><strong>Arena do Futuro<\/strong><\/p>\n<p>Pelo projeto inicial, a estrutura da Arena do Futuro seria usada para a constru\u00e7\u00e3o de quatro escolas da rede municipal. A desmontagem e transfer\u00eancia do material j\u00e1 deveria ter sido feita, por\u00e9m n\u00e3o ocorreu por falta de recursos da prefeitura.<\/p>\n<p>A administra\u00e7\u00e3o municipal conseguiu com a concession\u00e1ria Rio Mais, dona da \u00e1rea, prorroga\u00e7\u00e3o de at\u00e9 um ano para desmontar a arena. \u201cN\u00e3o houve destina\u00e7\u00e3o or\u00e7ament\u00e1ria tamb\u00e9m para a montagem das escolas previstas no projeto inicial. A outra, que viabilidade dessa iniciativa ainda est\u00e1 sendo avaliada. No momento, a prioridade da prefeitura, por meio da Secretaria municipal de Educa\u00e7\u00e3o, est\u00e1 em conseguir recursos para a finaliza\u00e7\u00e3o de 30 escolas do amanh\u00e3 e recuperar as antigas unidades que necessitam de reforma\u201d, informou a prefeitura do Rio.<\/p>\n<p><strong>Parque Aqu\u00e1tico<\/strong><\/p>\n<p>No Parque Aqu\u00e1tico, as piscinas foram retiradas pelo Ex\u00e9rcito em fevereiro deste ano. A piscina de tr\u00eas metros de profundidade foi doada para o Centro de Capacita\u00e7\u00e3o F\u00edsica do Ex\u00e9rcito, no Forte S\u00e3o Jo\u00e3o, na Urca, zona sul do Rio. A outra, que era usada pelos atletas para aquecimento, est\u00e1 guardada, pelos militares, at\u00e9 que seu destino seja definido.<\/p>\n<p>A retirada das arquibancadas e estrutura precisa ser feita pela prefeitura. A concession\u00e1ria Rio Mais tamb\u00e9m prorrogou, por at\u00e9 um ano, o prazo para desmontagem do equipamento.<\/p>\n<p><strong>Maracan\u00e3<\/strong><\/p>\n<p>Palco do encerramento dos jogos, o Complexo do Maracan\u00e3 precisou passar por obras para atender \u00e0s exig\u00eancias do Comit\u00ea Ol\u00edmpico Internacional. As obras come\u00e7aram or\u00e7adas em R$ 705 milh\u00f5es e terminaram custando mais de R$ 1,2 bilh\u00e3o aos cofres p\u00fablicos. De l\u00e1 para c\u00e1, o que seria um dos principais legados ol\u00edmpicos, tem sido pouco usado pelo p\u00fablico e est\u00e1 envolto em um impasse jur\u00eddico entre a Odebrecht e o governo estadual.<\/p>\n<p>Investigada na Opera\u00e7\u00e3o Lava Jato, a concession\u00e1ria Odebrecht, que det\u00e9m 95% de participa\u00e7\u00e3o no cons\u00f3rcio Maracan\u00e3 S\/A ganhador da licita\u00e7\u00e3o, tenta deixar a administra\u00e7\u00e3o do est\u00e1dio.<\/p>\n<p>Em mar\u00e7o, a empreiteira tentou repassar a concess\u00e3o \u00e0 empresa francesa Lagard\u00e8re, mas devido ao impasse judicial, as negocia\u00e7\u00f5es foram interrompidas. A Lagard\u00e8re participou da primeira licita\u00e7\u00e3o do est\u00e1dio e foi a \u00fanica empresa a se interessar na compra da concess\u00e3o.<\/p>\n<p>Em abril deste ano, o secret\u00e1rio da Casa Civil, Marcelo Queiroz, informou que enquanto a Justi\u00e7a n\u00e3o decidir, n\u00e3o \u00e9 poss\u00edvel abrir nova licita\u00e7\u00e3o.<\/p>\n<p>Em mar\u00e7o do ano passado, o cons\u00f3rcio cedeu o est\u00e1dio ao Comit\u00ea Organizador dos Jogos Ol\u00edmpicos e Paral\u00edmpicos Rio 2016. Ap\u00f3s a devolu\u00e7\u00e3o do local, o cons\u00f3rcio alegou que o est\u00e1dio n\u00e3o estava nas mesmas condi\u00e7\u00f5es em que foi cedido e quis anular o contrato. No entanto, em janeiro deste ano, o Tribunal de Justi\u00e7a do Estado do Rio de Janeiro (TJ-RJ) determinou que a Odebrecht reassumisse a administra\u00e7\u00e3o do est\u00e1dio, que se encontrava abandonado e vinha sendo dilapidado por v\u00e2ndalos.<\/p>\n<p>A assessoria do Comit\u00ea Rio 2016 informou que j\u00e1 fez todos os reparos exigidos na cess\u00e3o para os Jogos, com custo de aproximadamente R$ 400 mil e que as obras foram conclu\u00eddas h\u00e1 cerca de um m\u00eas.<\/p>\n<p>As obras de reforma do Maracan\u00e3 s\u00e3o alvos da investiga\u00e7\u00e3o da Lava Jato. Em dela\u00e7\u00e3o premiada, executivos da Odebrecht afirmaram que a empresa pagou cerca de R$ 7,3 milh\u00f5es em propina para fraudar a licita\u00e7\u00e3o. Investiga\u00e7\u00f5es do Minist\u00e9rio P\u00fablico Federal apontam que houve ilicitudes na licita\u00e7\u00e3o da obra com ind\u00edcios de inadequa\u00e7\u00e3o aos valores praticados no mercado, duplicidade de m\u00e3o de obra nas composi\u00e7\u00f5es dos servi\u00e7os, fiscaliza\u00e7\u00e3o deficiente com exist\u00eancia de custos elevados sem causas determinantes, entre outras irregularidades.<\/p>\n<p>At\u00e9 a publica\u00e7\u00e3o da reportagem, a Odebrecht n\u00e3o se manifestou.<\/p>\n<p><strong>Parque Ol\u00edmpico de Deodoro<\/strong><\/p>\n<p>No Parque Ol\u00edmpico de Deodoro, funcionam os centros nacionais de tiro, de pentatlo moderno e de h\u00f3quei sobre grama, o parque equestre e a Arena da Juventude. At\u00e9 dezembro deste ano, est\u00e3o previstos cerca de 30 eventos. Desde o in\u00edcio do ano, entre treinamentos e competi\u00e7\u00f5es, o complexo esportivo recebeu 28 atividades. Neste fim de semana, receber\u00e1 a 7\u00aa Etapa do Campeonato Brasileiro de Carabina\/Pistola\/Rifle.<\/p>\n","protected":false},"excerpt":{"rendered":"<p>No ano passado, o Rio sediou o maior evento esportivo do mundo: as Olimp\u00edadas 2016. Para receber atletas e turistas de todo o mundo, os&hellip; <\/p>\n","protected":false},"author":2,"featured_media":25430,"comment_status":"closed","ping_status":"closed","sticky":false,"template":"","format":"standard","meta":{"sfsi_plus_gutenberg_text_before_share":"","sfsi_plus_gutenberg_show_text_before_share":"","sfsi_plus_gutenberg_icon_type":"","sfsi_plus_gutenberg_icon_alignemt":"","sfsi_plus_gutenburg_max_per_row":"","footnotes":""},"categories":[13],"tags":[],"class_list":["post-25429","post","type-post","status-publish","format-standard","has-post-thumbnail","hentry","category-esportes"],"_links":{"self":[{"href":"https:\/\/www.caririemacao.com\/1\/wp-json\/wp\/v2\/posts\/25429","targetHints":{"allow":["GET"]}}],"collection":[{"href":"https:\/\/www.caririemacao.com\/1\/wp-json\/wp\/v2\/posts"}],"about":[{"href":"https:\/\/www.caririemacao.com\/1\/wp-json\/wp\/v2\/types\/post"}],"author":[{"embeddable":true,"href":"https:\/\/www.caririemacao.com\/1\/wp-json\/wp\/v2\/users\/2"}],"replies":[{"embeddable":true,"href":"https:\/\/www.caririemacao.com\/1\/wp-json\/wp\/v2\/comments?post=25429"}],"version-history":[{"count":0,"href":"https:\/\/www.caririemacao.com\/1\/wp-json\/wp\/v2\/posts\/25429\/revisions"}],"wp:featuredmedia":[{"embeddable":true,"href":"https:\/\/www.caririemacao.com\/1\/wp-json\/wp\/v2\/media\/25430"}],"wp:attachment":[{"href":"https:\/\/www.caririemacao.com\/1\/wp-json\/wp\/v2\/media?parent=25429"}],"wp:term":[{"taxonomy":"category","embeddable":true,"href":"https:\/\/www.caririemacao.com\/1\/wp-json\/wp\/v2\/categories?post=25429"},{"taxonomy":"post_tag","embeddable":true,"href":"https:\/\/www.caririemacao.com\/1\/wp-json\/wp\/v2\/tags?post=25429"}],"curies":[{"name":"wp","href":"https:\/\/api.w.org\/{rel}","templated":true}]}}