{"id":25441,"date":"2017-08-05T21:01:34","date_gmt":"2017-08-06T00:01:34","guid":{"rendered":"http:\/\/caririemacao.com\/1\/?p=25441"},"modified":"2017-08-05T21:01:34","modified_gmt":"2017-08-06T00:01:34","slug":"venezuela-e-suspensa-do-mercosul-por-ruptura-da-ordem-democratica","status":"publish","type":"post","link":"https:\/\/www.caririemacao.com\/1\/2017\/08\/05\/venezuela-e-suspensa-do-mercosul-por-ruptura-da-ordem-democratica\/","title":{"rendered":"Venezuela \u00e9 suspensa do Mercosul por \u2018ruptura da ordem democr\u00e1tica\u2019"},"content":{"rendered":"<p>Brasil, Argentina, Paraguai e Uruguai, fundadores do Mercosul, decidiram neste s\u00e1bado (5), de forma un\u00e2nime, suspender a Venezuela por \u201cruptura da ordem democr\u00e1tica\u201d. \u00c9 a segunda vez que o bloco aplica essa decis\u00e3o contra um pa\u00eds-membro desde a sua cria\u00e7\u00e3o.<\/p>\n<p>\u201cA suspens\u00e3o da Venezuela foi aplicada em fun\u00e7\u00e3o das a\u00e7\u00f5es do governo de Nicol\u00e1s Maduro e \u00e9 um chamado imediato para o in\u00edcio do processo de transi\u00e7\u00e3o pol\u00edtica e restaura\u00e7\u00e3o da ordem democr\u00e1tica\u201d, declara o comunicado assinado pelos ministros ap\u00f3s uma reuni\u00e3o em S\u00e3o Paulo.<\/p>\n<p>\u201cEstamos dizendo \u2018parem com isso\u2019, chega de mortes, chega de repress\u00e3o\u201d, disse o ministro de Rela\u00e7\u00f5es Exteriores Aloysio Nunes, em coletiva de imprensa ao final do encontro.<\/p>\n<p>Ap\u00f3s a suspens\u00e3o, o presidente da Venezuela, Nicol\u00e1s Maduro, disse que seu pa\u00eds \u201cnunca\u201d ser\u00e1 tirado do bloco e proferiu duras cr\u00edticas.<\/p>\n<p>\u201cN\u00e3o v\u00e3o tirar a Venezuela do Mercosul. Nunca (\u2026) Algumas oligarquias golpistas, como a do Brasil, ou miser\u00e1veis, como a que governa a Argentina, poder\u00e3o tentar mil vezes, mas sempre estaremos a\u00ed\u201d, afirmou Maduro em declara\u00e7\u00f5es \u00e0 R\u00e1dio Rebelde da Argentina.<\/p>\n<p>Uma expuls\u00e3o n\u00e3o est\u00e1 contemplada no Protocolo do Ushuaia, nem \u00e9 a inten\u00e7\u00e3o, afirmou Nunes. \u201cQueremos que a Venezuela volte\u201d, explicou.<\/p>\n<p>Nunes apontou que o Executivo venezuelano foi instado a dialogar \u201cseriamente\u201d com a oposi\u00e7\u00e3o. \u201cN\u00e3o uma fachada. Di\u00e1logo objetivo para chegar a um governo de transi\u00e7\u00e3o para o restabelecimento da democracia\u201d, disse o titular do Itamaraty.<\/p>\n<p>\u201cEssencialmente, o Mercosul est\u00e1 dizendo \u2018sem democracia, n\u00e3o&#8217;\u201d, pontuou seu par argentino, Jorge Flaurie. \u201cChegamos a essa decis\u00e3o com muita convic\u00e7\u00e3o\u201d.<\/p>\n<p>\u201cN\u00e3o s\u00e3o medidas tomadas com alegria, porque estamos constatando a ruptura institucional de um pa\u00eds (\u2026) que tamb\u00e9m acolheu muitos latino-americanos durante nossas ditaduras\u201d nos anos 1970 e 1980, apontou o chanceler do Uruguai, Rodolfo Nin Novoa, na coletiva.<\/p>\n<p>O ponto de ruptura foi a elei\u00e7\u00e3o no domingo passado de uma Assembleia Constituinte promovida por Maduro, questionada pela comunidade internacional, e a volta \u00e0 pris\u00e3o de Leopoldo L\u00f3pez e Antonio Ledezma, que estavam em pris\u00e3o domiciliar. Ledezma voltou para casa na sexta.<\/p>\n<p><strong>\u2013 Medida pol\u00edtica \u2013<\/strong><\/p>\n<p>Essa \u00e9 a segunda vez que o Mercosul, fundado em 1991, aplica essa cl\u00e1usula assinada em 1998 no Ushuaia, na Argentina, ratificada e ampliada em 2011. Ela estipula que \u201ca plena vig\u00eancia de institui\u00e7\u00f5es democr\u00e1ticas \u00e9 essencial\u201d para a integra\u00e7\u00e3o regional.<\/p>\n<p>Na pr\u00e1tica, a decis\u00e3o quase n\u00e3o muda a situa\u00e7\u00e3o da Venezuela no grupo, j\u00e1 que o pa\u00eds est\u00e1 suspenso do bloco desde dezembro de 2016 por n\u00e3o cumprir obriga\u00e7\u00f5es comerciais com as quais tinha se comprometido quando entrou no Mercosul, em 2012.<\/p>\n<p>A suspens\u00e3o do Paraguai ap\u00f3s a destitui\u00e7\u00e3o do presidente Fernando Lugo permitiu a entrada da Venezuela no bloco, pois o Congresso paraguaio n\u00e3o tinha aprovado a ades\u00e3o do pa\u00eds. O Paraguai voltou ao Mercosul ap\u00f3s a elei\u00e7\u00e3o de Horacio Cartes em 2013.<\/p>\n<p>Na pr\u00e1tica, essa decis\u00e3o muda em pouco, ou nada, a situa\u00e7\u00e3o do pa\u00eds no grupo, j\u00e1 que a Venezuela se encontra suspensa do Mercosul desde dezembro por descumprir obriga\u00e7\u00f5es comerciais, com as quais se comprometeu ao se incorporar ao bloco em 2012.<\/p>\n<p>Consultado sobre a possibilidade de aplicarem san\u00e7\u00f5es econ\u00f4micas a Caracas, Nunes insistiu que se trata de uma medida pol\u00edtica e que impedir importa\u00e7\u00f5es, essencialmente de alimentos, s\u00f3 agravaria a situa\u00e7\u00e3o dos venezuelanos.<\/p>\n<p>Um grupo protestou contra Maduro na entrada da Prefeitura de S\u00e3o Paulo, onde aconteceu a reuni\u00e3o. O prefeito da cidade, Jo\u00e3o D\u00f3ria, participou da coletiva de imprensa e manifestou solidariedade aos ex-prefeitos venezuelanos Ledezma e L\u00f3pez.<\/p>\n<p>\u201cQue sejam libertados imediatamente e tenham seus direitos restitu\u00eddos\u201d, pediu D\u00f3ria.<\/p>\n<p><strong>CARIRI EM A\u00c7\u00c3O<\/strong><\/p>\n<p><strong>Leia mais not\u00edcias em\u00a0<\/strong><a href=\"http:\/\/www.caririemacao.com\/\"><strong>caririemacao.com<\/strong><\/a><strong>, siga nossa p\u00e1gina no\u00a0<\/strong><a href=\"https:\/\/www.facebook.com\/CaririEmAcao\/?ref=aymt_homepage_panel\"><strong>Facebook<\/strong><\/a>,<strong>\u00a0<\/strong><a href=\"https:\/\/www.instagram.com\/cariri_em_acao\/?hl=pt-br\"><strong>Instagram<\/strong><\/a><strong>\u00a0e <\/strong><a href=\"https:\/\/www.youtube.com\/channel\/UCAptA0jQuYQy8vMhLt2m4qg\"><strong>Youtube<\/strong><\/a><strong>\u00a0e veja nossas mat\u00e9rias, v\u00eddeos e fotos. Voc\u00ea tamb\u00e9m pode enviar informa\u00e7\u00f5es \u00e0 Reda\u00e7\u00e3o do Portal Cariri em A\u00e7\u00e3o pelo WhatsApp (83) 9 9634.5791, (83) 9 9601-1162.<\/strong><\/p>\n","protected":false},"excerpt":{"rendered":"<p>Brasil, Argentina, Paraguai e Uruguai, fundadores do Mercosul, decidiram neste s\u00e1bado (5), de forma un\u00e2nime, suspender a Venezuela por \u201cruptura da ordem democr\u00e1tica\u201d. \u00c9 a&hellip; <\/p>\n","protected":false},"author":2,"featured_media":25442,"comment_status":"closed","ping_status":"closed","sticky":false,"template":"","format":"standard","meta":{"sfsi_plus_gutenberg_text_before_share":"","sfsi_plus_gutenberg_show_text_before_share":"","sfsi_plus_gutenberg_icon_type":"","sfsi_plus_gutenberg_icon_alignemt":"","sfsi_plus_gutenburg_max_per_row":"","footnotes":""},"categories":[11],"tags":[],"class_list":["post-25441","post","type-post","status-publish","format-standard","has-post-thumbnail","hentry","category-politica"],"_links":{"self":[{"href":"https:\/\/www.caririemacao.com\/1\/wp-json\/wp\/v2\/posts\/25441","targetHints":{"allow":["GET"]}}],"collection":[{"href":"https:\/\/www.caririemacao.com\/1\/wp-json\/wp\/v2\/posts"}],"about":[{"href":"https:\/\/www.caririemacao.com\/1\/wp-json\/wp\/v2\/types\/post"}],"author":[{"embeddable":true,"href":"https:\/\/www.caririemacao.com\/1\/wp-json\/wp\/v2\/users\/2"}],"replies":[{"embeddable":true,"href":"https:\/\/www.caririemacao.com\/1\/wp-json\/wp\/v2\/comments?post=25441"}],"version-history":[{"count":0,"href":"https:\/\/www.caririemacao.com\/1\/wp-json\/wp\/v2\/posts\/25441\/revisions"}],"wp:featuredmedia":[{"embeddable":true,"href":"https:\/\/www.caririemacao.com\/1\/wp-json\/wp\/v2\/media\/25442"}],"wp:attachment":[{"href":"https:\/\/www.caririemacao.com\/1\/wp-json\/wp\/v2\/media?parent=25441"}],"wp:term":[{"taxonomy":"category","embeddable":true,"href":"https:\/\/www.caririemacao.com\/1\/wp-json\/wp\/v2\/categories?post=25441"},{"taxonomy":"post_tag","embeddable":true,"href":"https:\/\/www.caririemacao.com\/1\/wp-json\/wp\/v2\/tags?post=25441"}],"curies":[{"name":"wp","href":"https:\/\/api.w.org\/{rel}","templated":true}]}}