{"id":25447,"date":"2017-08-05T21:50:53","date_gmt":"2017-08-06T00:50:53","guid":{"rendered":"http:\/\/caririemacao.com\/1\/?p=25447"},"modified":"2017-08-05T21:50:53","modified_gmt":"2017-08-06T00:50:53","slug":"sao-paulo-de-sj-cariri-vence-o-tigrense-e-se-classifica-para-as-semifinais","status":"publish","type":"post","link":"https:\/\/www.caririemacao.com\/1\/2017\/08\/05\/sao-paulo-de-sj-cariri-vence-o-tigrense-e-se-classifica-para-as-semifinais\/","title":{"rendered":"S\u00e3o Paulo de SJ Cariri vence o Tigrense e se classifica para as semifinais"},"content":{"rendered":"<p>Na tarde deste s\u00e1bado, dia 05, duas grandes equipes de futebol fizeram uma das maiores partidas da Copa Integra\u00e7\u00e3o de Futebol do Cariri, envolvendo as equipes de S\u00e3o Jo\u00e3o do Cariri e a sele\u00e7\u00e3o Tigrense.<\/p>\n<p>Na partida, a equipe de S\u00e3o Jo\u00e3o do Cariri venceu pelo placar de 1 a 0 e como na primeira partida, a equipe de S\u00e3o Jo\u00e3o do Tigre venceu pelo mesmo placar a decis\u00e3o foi para os p\u00eanaltis. Nos p\u00eanaltis, a equipe s\u00e3ojoanense foi melhor e se classificou para as semifinais.<\/p>\n<p><a href=\"http:\/\/caririemacao.com\/1\/wp-content\/uploads\/2017\/08\/20643675_1279489892174440_1470291726_n.jpg\"><img fetchpriority=\"high\" decoding=\"async\" class=\"aligncenter wp-image-25448 size-full\" src=\"http:\/\/caririemacao.com\/1\/wp-content\/uploads\/2017\/08\/20643675_1279489892174440_1470291726_n.jpg\" alt=\"\" width=\"960\" height=\"639\" srcset=\"https:\/\/www.caririemacao.com\/1\/wp-content\/uploads\/2017\/08\/20643675_1279489892174440_1470291726_n.jpg 960w, https:\/\/www.caririemacao.com\/1\/wp-content\/uploads\/2017\/08\/20643675_1279489892174440_1470291726_n-300x200.jpg 300w, https:\/\/www.caririemacao.com\/1\/wp-content\/uploads\/2017\/08\/20643675_1279489892174440_1470291726_n-768x511.jpg 768w\" sizes=\"(max-width: 960px) 100vw, 960px\" \/><\/a><\/p>\n<p>Vale destacar que, mesmo a sele\u00e7\u00e3o Tigrense n\u00e3o ter se classificado para a pr\u00f3xima fase, ela jogou muito bem. A equipe que \u00e9 uma das revela\u00e7\u00f5es do certame tem contado com o total apoio da Prefeitura Municipal.<\/p>\n<p><a href=\"http:\/\/caririemacao.com\/1\/wp-content\/uploads\/2017\/08\/20646058_1279489085507854_498200362_n.jpg\"><img decoding=\"async\" class=\"aligncenter wp-image-25450 size-full lazyload\" data-src=\"http:\/\/caririemacao.com\/1\/wp-content\/uploads\/2017\/08\/20646058_1279489085507854_498200362_n.jpg\" alt=\"\" width=\"960\" height=\"639\" data-srcset=\"https:\/\/www.caririemacao.com\/1\/wp-content\/uploads\/2017\/08\/20646058_1279489085507854_498200362_n.jpg 960w, https:\/\/www.caririemacao.com\/1\/wp-content\/uploads\/2017\/08\/20646058_1279489085507854_498200362_n-300x200.jpg 300w, https:\/\/www.caririemacao.com\/1\/wp-content\/uploads\/2017\/08\/20646058_1279489085507854_498200362_n-768x511.jpg 768w\" data-sizes=\"(max-width: 960px) 100vw, 960px\" src=\"data:image\/svg+xml;base64,PHN2ZyB3aWR0aD0iMSIgaGVpZ2h0PSIxIiB4bWxucz0iaHR0cDovL3d3dy53My5vcmcvMjAwMC9zdmciPjwvc3ZnPg==\" style=\"--smush-placeholder-width: 960px; --smush-placeholder-aspect-ratio: 960\/639;\" \/><\/a><\/p>\n<p>Na ocasi\u00e3o, o prefeito C\u00e9lio Barbosa e o secret\u00e1rio finan\u00e7as, M\u00e1rcio Leite, ao lado de v\u00e1rios amigos de S\u00e3o Jo\u00e3o do Tigre, foram dar apoio a equipe, mostrando o compromisso com o esporte no munic\u00edpio.\u00a0\u201cNossa equipe foi vitoriosa em chegar t\u00e3o pr\u00f3xima da final. Sa\u00edmos daqui de cabe\u00e7a erguida j\u00e1 pensando nas pr\u00f3ximas competi\u00e7\u00f5es, sempre apoiando nossa equipe, uma equipe de jogadores que vestem a camisa e defende nosso munic\u00edpio\u201d, destacou o prefeito.<\/p>\n<p>Para o secret\u00e1rio de finan\u00e7as, M\u00e1rcio Leite, esse momento \u00e9 de parabenizar todos os atletas e comiss\u00e3o t\u00e9cnica pela garra e desempenho na competi\u00e7\u00e3o. \u201cVamos continuar trabalhando junto com o secret\u00e1rio Luc\u00e9lio Marchi para engrandecer o esporte tigrense\u201d, ressaltou.<strong> \u00a0<\/strong><\/p>\n<p><strong>CARIRI EM A\u00c7\u00c3O<\/strong><\/p>\n<p><strong>Fotos: Guiga Moura<\/strong><\/p>\n<p><strong>Leia mais not\u00edcias em\u00a0<\/strong><a href=\"http:\/\/www.caririemacao.com\/\"><strong>caririemacao.com<\/strong><\/a><strong>, siga nossa p\u00e1gina no\u00a0<\/strong><a href=\"https:\/\/www.facebook.com\/CaririEmAcao\/?ref=aymt_homepage_panel\"><strong>Facebook<\/strong><\/a>,<strong>\u00a0<a href=\"https:\/\/www.instagram.com\/cariri_em_acao\/?hl=pt-br\">Instagram<\/a>\u00a0e <\/strong><a href=\"https:\/\/www.youtube.com\/channel\/UCAptA0jQuYQy8vMhLt2m4qg\"><strong>Youtube<\/strong><\/a><strong>\u00a0e veja nossas mat\u00e9rias, v\u00eddeos e fotos. Voc\u00ea tamb\u00e9m pode enviar informa\u00e7\u00f5es \u00e0 Reda\u00e7\u00e3o do Portal Cariri em A\u00e7\u00e3o pelo WhatsApp (83) 9 9634.5791, (83) 9 9601-1162.<\/strong><\/p>\n","protected":false},"excerpt":{"rendered":"<p>Na tarde deste s\u00e1bado, dia 05, duas grandes equipes de futebol fizeram uma das maiores partidas da Copa Integra\u00e7\u00e3o de Futebol do Cariri, envolvendo as&hellip; <\/p>\n","protected":false},"author":2,"featured_media":25449,"comment_status":"closed","ping_status":"closed","sticky":false,"template":"","format":"standard","meta":{"sfsi_plus_gutenberg_text_before_share":"","sfsi_plus_gutenberg_show_text_before_share":"","sfsi_plus_gutenberg_icon_type":"","sfsi_plus_gutenberg_icon_alignemt":"","sfsi_plus_gutenburg_max_per_row":"","footnotes":""},"categories":[13],"tags":[],"class_list":["post-25447","post","type-post","status-publish","format-standard","has-post-thumbnail","hentry","category-esportes"],"_links":{"self":[{"href":"https:\/\/www.caririemacao.com\/1\/wp-json\/wp\/v2\/posts\/25447","targetHints":{"allow":["GET"]}}],"collection":[{"href":"https:\/\/www.caririemacao.com\/1\/wp-json\/wp\/v2\/posts"}],"about":[{"href":"https:\/\/www.caririemacao.com\/1\/wp-json\/wp\/v2\/types\/post"}],"author":[{"embeddable":true,"href":"https:\/\/www.caririemacao.com\/1\/wp-json\/wp\/v2\/users\/2"}],"replies":[{"embeddable":true,"href":"https:\/\/www.caririemacao.com\/1\/wp-json\/wp\/v2\/comments?post=25447"}],"version-history":[{"count":0,"href":"https:\/\/www.caririemacao.com\/1\/wp-json\/wp\/v2\/posts\/25447\/revisions"}],"wp:featuredmedia":[{"embeddable":true,"href":"https:\/\/www.caririemacao.com\/1\/wp-json\/wp\/v2\/media\/25449"}],"wp:attachment":[{"href":"https:\/\/www.caririemacao.com\/1\/wp-json\/wp\/v2\/media?parent=25447"}],"wp:term":[{"taxonomy":"category","embeddable":true,"href":"https:\/\/www.caririemacao.com\/1\/wp-json\/wp\/v2\/categories?post=25447"},{"taxonomy":"post_tag","embeddable":true,"href":"https:\/\/www.caririemacao.com\/1\/wp-json\/wp\/v2\/tags?post=25447"}],"curies":[{"name":"wp","href":"https:\/\/api.w.org\/{rel}","templated":true}]}}