{"id":25459,"date":"2017-08-06T08:30:55","date_gmt":"2017-08-06T11:30:55","guid":{"rendered":"http:\/\/caririemacao.com\/1\/?p=25459"},"modified":"2017-08-06T09:14:33","modified_gmt":"2017-08-06T12:14:33","slug":"mais-de-23-milhoes-de-eleitores-vao-as-urnas-escolher-novo-governador-do-am","status":"publish","type":"post","link":"https:\/\/www.caririemacao.com\/1\/2017\/08\/06\/mais-de-23-milhoes-de-eleitores-vao-as-urnas-escolher-novo-governador-do-am\/","title":{"rendered":"Mais de 2,3 milh\u00f5es de eleitores v\u00e3o \u00e0s urnas escolher novo governador do AM"},"content":{"rendered":"<div class=\"mc-column content-media content-media--normal content-video\" data-block-type=\"backstage-video\">\n<div class=\"content-media__description-centered\">\n<p class=\"content-media__description\"><span style=\"font-family: inherit; font-size: inherit; font-style: inherit; font-variant-ligatures: inherit; font-variant-caps: inherit; font-weight: inherit; text-align: center;\">No Amazonas, 2.337.294 eleitores devem ir \u00e0s urnas na elei\u00e7\u00e3o suplementar neste domingo (6). O eleitorado vota para escolher, entre nove candidatos, o novo governador do Amazonas. Um eventual segundo turno est\u00e1 previsto para 27 de agosto.<\/span><\/p>\n<\/div>\n<\/div>\n<div class=\"mc-column content-text active-extra-styles \" data-block-type=\"unstyled\" data-block-weight=\"59\">\n<p class=\"content-text__container \" data-track-category=\"Link no Texto\" data-track-links=\"\">A elei\u00e7\u00e3o foi determinada no Amazonas ap\u00f3s a\u00a0cassa\u00e7\u00e3o dos mandatos do ex-governador, Jos\u00e9 Melo, e do vice, Henrique Oliveira, por compra de votos nas elei\u00e7\u00f5es de 2014. O presidente da Assembleia Legislativa do estado, Davi Almeida, do PSD, assumiu o governo interinamente. O pleito chegou a ser suspenso por\u00a0determina\u00e7\u00e3o do ministro Ricardo Levandowski em 28 de junho.<\/p>\n<\/div>\n<div class=\"mc-column content-text active-extra-styles \" data-block-type=\"unstyled\" data-block-weight=\"32\">\n<p class=\"content-text__container \" data-track-category=\"Link no Texto\" data-track-links=\"\">Concorrem ao cargo os candidatos Amazonino Mendes (PDT), Eduardo Braga (PMDB), Jardel (PPL), Jos\u00e9 Ricardo (PT), Liliane Ara\u00fajo (PPS), Luiz Castro (Rede), Marcelo Serafim (PSB), Rebecca Garcia (PP) e Wilker Barreto (PHS).<\/p>\n<\/div>\n<div class=\"mc-column content-text active-extra-styles \" data-block-type=\"unstyled\" data-block-weight=\"35\">\n<p class=\"content-text__container \" data-track-category=\"Link no Texto\" data-track-links=\"\">O ministro do Supremo Tribunal Federal (STF) Ricardo Lewandowski determinou, por\u00e9m, que\u00a0quem vencer a elei\u00e7\u00e3o n\u00e3o poder\u00e1 ser diplomado\u00a0at\u00e9 que os recursos do governador cassado e do vice dele, tamb\u00e9m cassado, sejam julgados.<\/p>\n<\/div>\n<div class=\"mc-column content-text active-extra-styles \" data-block-type=\"unstyled\" data-block-weight=\"31\">\n<p class=\"content-text__container \" data-track-category=\"Link no Texto\" data-track-links=\"\">De acordo com o Tribunal Regional Eleitoral (TRE-AM), o Amazonas possui 61 zonas no interior e 13 na capital. S\u00e3o 7,262 se\u00e7\u00f5es eleitorais distribu\u00eddas em 1,508 locais de vota\u00e7\u00e3o no estado.<\/p>\n<\/div>\n<div class=\"mc-column content-text active-extra-styles \" data-block-type=\"unstyled\" data-block-weight=\"30\">\n<p class=\"content-text__container \" data-track-category=\"Link no Texto\" data-track-links=\"\">Do total de eleitor, 1.274.399 milh\u00e3o est\u00e1 na capital Manaus. O n\u00famero representa um aumento de 2,5%, no comparativo com o pleito de 2014, quando havia 1.243.844 eleitores na capital.<\/p>\n<\/div>\n<div class=\"mc-column content-text active-extra-styles \" data-block-type=\"unstyled\" data-block-weight=\"38\">\n<p class=\"content-text__container \" data-track-category=\"Link no Texto\" data-track-links=\"\">Na capital, o Centro Universit\u00e1rio Nilton Lins, que fica situado no bairro Flores, na Zona Centro-Sul, \u00e9 a escola com o maior n\u00famero de votantes, com 11.584. No interior, Manacapuru, na Regi\u00e3o Metropolitana, \u00e9 o maior col\u00e9gio eleitoral.<\/p>\n<p class=\"content-text__container \" data-track-category=\"Link no Texto\" data-track-links=\"\"><span style=\"font-family: inherit; font-size: inherit; font-style: inherit; font-variant-ligatures: inherit; font-variant-caps: inherit; font-weight: inherit; text-align: center;\">Ser\u00e3o utilizadas mais de 7 mil urnas eletr\u00f4nicas, destas 3.500 foram destinadas para Manaus. As se\u00e7\u00f5es eleitorais, locais onde ficam instaladas as urnas eletr\u00f4nicas, estar\u00e3o abertas das 8h \u00e0s 17h.<\/span><\/p>\n<\/div>\n<div class=\"mc-column content-text active-extra-styles \" data-block-type=\"unstyled\" data-block-weight=\"34\">\n<p class=\"content-text__container \" data-track-category=\"Link no Texto\" data-track-links=\"\">Na elei\u00e7\u00e3o direta, 1.533.848 dos eleitores votar\u00e3o pelo sistema biom\u00e9trico em Manaus. E, 804.189 sem biometria. Esse m\u00e9todo de vota\u00e7\u00e3o ser\u00e1 v\u00e1lido apenas para Manaus e para nove cidades da Regi\u00e3o Metropolitana da capital.<\/p>\n<p class=\"content-text__container \" data-track-category=\"Link no Texto\" data-track-links=\"\"><strong>Urnas reservas<\/strong><\/p>\n<\/div>\n<div class=\"mc-column content-text active-extra-styles \" data-block-type=\"unstyled\" data-block-weight=\"47\">\n<p class=\"content-text__container \" data-track-category=\"Link no Texto\" data-track-links=\"\">De acordo com o chefe da se\u00e7\u00e3o de urnas eletr\u00f4nicas do Tribunal Regional Eleitoral, Edrei Fabr\u00edcio, h\u00e1 20% em cima da quantidade total, de urnas reservas. Ele afirmou que as equipes est\u00e3o preparadas para trocar com rapidez equipamentos que eventualmente apresentem problema antes do in\u00edcio do pleito.<\/p>\n<\/div>\n<div class=\"mc-column content-text active-extra-styles \" data-block-type=\"unstyled\" data-block-weight=\"59\">\n<p class=\"content-text__container \" data-track-category=\"Link no Texto\" data-track-links=\"\">\u201cNa hora da instala\u00e7\u00e3o, na sexta-feira (4), n\u00f3s fizemos um procedimento de ligar e desligar as urnas. Hoje, j\u00e1 \u00e9 poss\u00edvel fazer substitui\u00e7\u00e3o, se for necess\u00e1rio, antes e durante a elei\u00e7\u00e3o das urnas. Acontecendo algum problema, a gente faz esta substitui\u00e7\u00e3o, com urna de conting\u00eancia. Cada zona eleitoral j\u00e1 tem a sua urna e t\u00e9cnico para trocar\u201d, assegurou Fabr\u00edcio.<\/p>\n<p class=\"content-text__container \" data-track-category=\"Link no Texto\" data-track-links=\"\"><strong>Seguran\u00e7a<\/strong><\/p>\n<\/div>\n<div class=\"mc-column content-text active-extra-styles \" data-block-type=\"unstyled\" data-block-weight=\"49\">\n<p class=\"content-text__container \" data-track-category=\"Link no Texto\" data-track-links=\"\">Em todo o Amazonas, 35 mil pessoas dever\u00e3o atuar durante o pleito deste domingo (6). De acordo com o presidente do Tribunal Regional Eleitoral (TRE-AM), o desembargador Yedo Sim\u00f5es, s\u00e3o mes\u00e1rios, for\u00e7as de seguran\u00e7a federais e estaduais, Corpo de Bombeiros, servidores do tribunal, al\u00e9m do gabinete de gest\u00e3o integrada.<\/p>\n<\/div>\n<div class=\"mc-column content-text active-extra-styles \" data-block-type=\"unstyled\" data-block-weight=\"33\">\n<p class=\"content-text__container \" data-track-category=\"Link no Texto\" data-track-links=\"\">Al\u00e9m dos homens da Pol\u00edcia Militar do Amazonas, a seguran\u00e7a contar\u00e1 com o apoio de militares das For\u00e7as Armadas. Os homens tamb\u00e9m atuaram no apoio log\u00edstico de envio de equipamentos para localidades distantes<\/p>\n<\/div>\n<div class=\"mc-column content-text active-extra-styles \" data-block-type=\"unstyled\" data-block-weight=\"41\">\n<p class=\"content-text__container \" data-track-category=\"Link no Texto\" data-track-links=\"\">Ao todo, 23 munic\u00edpios ter\u00e3o tropas militares para auxiliar na seguran\u00e7a durante a vota\u00e7\u00e3o nas se\u00e7\u00f5es eleitorais. De acordo com o presidente do TRE, os munic\u00edpios escolhidos, s\u00e3o aqueles onde foram registrados incidentes no pleito que ocorreu no ano de 2016.<\/p>\n<\/div>\n<div class=\"mc-column content-media content-media--normal content-video\" data-block-type=\"backstage-video\">\n<div class=\"content-media__container content-media__container--loaded\">\n<div class=\"content-video__video\">\n<div id=\"wp3-player-1\" class=\"clappr-player\" tabindex=\"9999\" data-player=\"\">\n<div class=\"dfp-ad-overlay dfp-poster-mode\" data-ad-overlay=\"\">\u00a0<span style=\"font-family: inherit; font-size: inherit; font-style: inherit; font-variant-ligatures: inherit; font-variant-caps: inherit; font-weight: inherit; text-align: center;\">\u201cN\u00f3s tivemos na elei\u00e7\u00e3o de 2016, alguns pontos cr\u00edticos. Em cima deles, nosso planejamento elegeu estes munic\u00edpios e eles tiveram prioridade para que sejam ocupados pelas for\u00e7as federais. A Marinha, por exemplo, vai ficar em Itacoatiara com 200 homens\u201d, disse o desembargador.<\/span><\/div>\n<\/div>\n<\/div>\n<\/div>\n<\/div>\n<div class=\"mc-column content-text active-extra-styles \" data-block-type=\"unstyled\" data-block-weight=\"13\">\n<p class=\"content-text__container \" data-track-category=\"Link no Texto\" data-track-links=\"\">Contudo, ele acredita que a elei\u00e7\u00e3o deve transcorrer sem grandes contratempos nessas localidades.<\/p>\n<p class=\"content-text__container \" data-track-category=\"Link no Texto\" data-track-links=\"\">\u201cSabemos que \u00e9 n\u00e3o \u00e9 uma elei\u00e7\u00e3o municipal, o envolvimento da classe pol\u00edtica do interior \u00e9 menor. Ent\u00e3o, diminui a participa\u00e7\u00e3o do eleitorado desses munic\u00edpios\u201d, afirmou Yedo Sim\u00f5es.<\/p>\n<\/div>\n<div class=\"mc-column content-text active-extra-styles \" data-block-type=\"unstyled\" data-block-weight=\"59\">\n<p class=\"content-text__container \" data-track-category=\"Link no Texto\" data-track-links=\"\">As tropas Federais, segundo o Minist\u00e9rio da Defesa, v\u00e3o atuar nos munic\u00edpios: Autazes, Amatur\u00e1, Atalaia do Norte, Barcelos, Benjamin Constant, Boca do Acre, Coar\u00ed, Fonte Boa, Humait\u00e1, Itacoatiara, L\u00e1brea, Manacapuru, Manaus, Manicor\u00e9, Mau\u00e9s, Presidente Figueiredo, Rio Preto da Eva, Santa Isabel do Rio Negro, Santo Ant\u00f4nio do I\u00e7\u00e1, S\u00e3o Gabriel da Cachoeira, S\u00e3o Paulo de Oliven\u00e7a, Tabatinga e Tef\u00e9.<\/p>\n<p class=\"content-text__container \" data-track-category=\"Link no Texto\" data-track-links=\"\"><strong>Transporte coletivo<\/strong><\/p>\n<\/div>\n<div class=\"mc-column content-text active-extra-styles \" data-block-type=\"unstyled\" data-block-weight=\"36\">\n<p class=\"content-text__container \" data-track-category=\"Link no Texto\" data-track-links=\"\">O sistema de transporte coletivo urbano ir\u00e1 operar com frota de dia \u00fatil para atender os eleitores em deslocamento aos locais de vota\u00e7\u00e3o no 1\u00ba turno das elei\u00e7\u00f5es suplementares. Na capital, n\u00e3o haver\u00e1 gratuidade na tarifa.<\/p>\n<\/div>\n<div class=\"mc-column content-text active-extra-styles \" data-block-type=\"unstyled\" data-block-weight=\"49\">\n<p class=\"content-text__container \" data-track-category=\"Link no Texto\" data-track-links=\"\">De acordo com a Superintend\u00eancia Municipal de Transportes Urbanos (SMTU), haver\u00e1 o monitoramento eletr\u00f4nico via GPS dos \u00f4nibus feito no Centro de Controle Operacional (CCO) da SMTU, al\u00e9m de fiscais de transporte nas garagens das empresas, terminais de integra\u00e7\u00e3o e finais de linhas para acompanhar o cumprimento da frota.<\/p>\n<p class=\"content-text__container \" data-track-category=\"Link no Texto\" data-track-links=\"\"><strong>Lei Seca<\/strong><\/p>\n<\/div>\n<div class=\"mc-column content-text active-extra-styles \" data-block-type=\"unstyled\" data-block-weight=\"25\">\n<p class=\"content-text__container \" data-track-category=\"Link no Texto\" data-track-links=\"\">A legisla\u00e7\u00e3o eleitoral, assinada no dia 2 de agosto, determinou a proibi\u00e7\u00e3o de bebida alco\u00f3lica a partir das 2h do domingo, em todo o Amazonas.<\/p>\n<\/div>\n<div class=\"mc-column content-text active-extra-styles \" data-block-type=\"unstyled\" data-block-weight=\"25\">\n<p class=\"content-text__container \" data-track-category=\"Link no Texto\" data-track-links=\"\">A determina\u00e7\u00e3o sobre a Lei Seca consta na Portaria 585\/2017, assinada pelo presidente do TRE, Yedo Sim\u00f5es, e pelo secret\u00e1rio de Seguran\u00e7a P\u00fablica, S\u00e9rgio Fontes.<\/p>\n<\/div>\n<div class=\"mc-column content-text active-extra-styles \" data-block-type=\"unstyled\" data-block-weight=\"38\">\n<p class=\"content-text__container \" data-track-category=\"Link no Texto\" data-track-links=\"\">O documento aponta a necessidade da proibi\u00e7\u00e3o de consumo de bebidas alco\u00f3licas em bares, restaurantes, supermercados, mercearias e estabelecimentos similares, bem como em locais p\u00fablicos, a fim de que evitar o comprometimento da boa ordem dos trabalhos eleitorais.<\/p>\n<p class=\"content-text__container \" data-track-category=\"Link no Texto\" data-track-links=\"\"><strong>Cassa\u00e7\u00e3o de governador<\/strong><\/p>\n<\/div>\n<div class=\"mc-column content-text active-extra-styles \" data-block-type=\"unstyled\" data-block-weight=\"38\">\n<p class=\"content-text__container \" data-track-category=\"Link no Texto\" data-track-links=\"\">O TSE decidiu no in\u00edcio de maio deste ano, por 5 votos a 2, manter a\u00a0cassa\u00e7\u00e3o do governador de Amazonas, Jos\u00e9 Melo (PROS), e do vice, Henrique Oliveira (SD), por compra de votos nas elei\u00e7\u00f5es de 2014.<\/p>\n<\/div>\n<div class=\"mc-column content-text active-extra-styles \" data-block-type=\"unstyled\" data-block-weight=\"29\">\n<p class=\"content-text__container \" data-track-category=\"Link no Texto\" data-track-links=\"\">A\u00a0cassa\u00e7\u00e3o\u00a0j\u00e1 havia sido determinada pelo Tribunal Regional Eleitoral do Amazonas. A decis\u00e3o do TSE negou um recurso movido pela defesa do governador, que contestava a primeira inst\u00e2ncia.<\/p>\n<\/div>\n<div class=\"mc-column content-text active-extra-styles \" data-block-type=\"unstyled\" data-block-weight=\"41\">\n<p class=\"content-text__container \" data-track-category=\"Link no Texto\" data-track-links=\"\">A maioria dos ministros entendeu que houve compra de votos por uma assessora de confian\u00e7a do governador, Nair Blair, flagrada dentro do comit\u00ea de campanha, com R$ 7.700, al\u00e9m de recibos e planilha que mostravam a destina\u00e7\u00e3o de dinheiro para eleitores.<\/p>\n<\/div>\n<div class=\"mc-column content-text active-extra-styles \" data-block-type=\"unstyled\" data-block-weight=\"31\">\n<p class=\"content-text__container \" data-track-category=\"Link no Texto\" data-track-links=\"\">A a\u00e7\u00e3o de\u00a0cassa\u00e7\u00e3o\u00a0do governado e do vice foi proposta pela coliga\u00e7\u00e3o advers\u00e1ria &#8220;Renova\u00e7\u00e3o e Experi\u00eancia&#8221;, que tinha como candidato o atual senador Eduardo Braga (PMDB), derrotado no segundo turno.<\/p>\n<p><strong>CARIRI EM A\u00c7\u00c3O<\/strong><\/p>\n<p><em>Com G1 \/Foto: Google<\/em><\/p>\n<p><strong>Leia mais not\u00edcias em\u00a0<\/strong><a href=\"http:\/\/www.caririemacao.com\/\"><strong>caririemacao.com<\/strong><\/a><strong>, siga nossa p\u00e1gina no\u00a0<\/strong><a href=\"https:\/\/www.facebook.com\/CaririEmAcao\/?ref=aymt_homepage_panel\"><strong>Facebook<\/strong><\/a>,<strong>\u00a0<\/strong><a href=\"https:\/\/www.instagram.com\/cariri_em_acao\/?hl=pt-br\"><strong>Instagram<\/strong><\/a><strong>\u00a0e <\/strong><a href=\"https:\/\/www.youtube.com\/channel\/UCAptA0jQuYQy8vMhLt2m4qg\"><strong>Youtube<\/strong><\/a><strong>\u00a0e veja nossas mat\u00e9rias, v\u00eddeos e fotos. Voc\u00ea tamb\u00e9m pode enviar informa\u00e7\u00f5es \u00e0 Reda\u00e7\u00e3o do Portal Cariri em A\u00e7\u00e3o pelo WhatsApp (83) 9 9634.5791, (83) 9 9601-1162.<\/strong><\/p>\n<\/div>\n","protected":false},"excerpt":{"rendered":"<p>No Amazonas, 2.337.294 eleitores devem ir \u00e0s urnas na elei\u00e7\u00e3o suplementar neste domingo (6). O eleitorado vota para escolher, entre nove candidatos, o novo governador&hellip; <\/p>\n","protected":false},"author":2,"featured_media":921,"comment_status":"closed","ping_status":"closed","sticky":false,"template":"","format":"standard","meta":{"sfsi_plus_gutenberg_text_before_share":"","sfsi_plus_gutenberg_show_text_before_share":"","sfsi_plus_gutenberg_icon_type":"","sfsi_plus_gutenberg_icon_alignemt":"","sfsi_plus_gutenburg_max_per_row":"","footnotes":""},"categories":[11],"tags":[],"class_list":["post-25459","post","type-post","status-publish","format-standard","has-post-thumbnail","hentry","category-politica"],"_links":{"self":[{"href":"https:\/\/www.caririemacao.com\/1\/wp-json\/wp\/v2\/posts\/25459","targetHints":{"allow":["GET"]}}],"collection":[{"href":"https:\/\/www.caririemacao.com\/1\/wp-json\/wp\/v2\/posts"}],"about":[{"href":"https:\/\/www.caririemacao.com\/1\/wp-json\/wp\/v2\/types\/post"}],"author":[{"embeddable":true,"href":"https:\/\/www.caririemacao.com\/1\/wp-json\/wp\/v2\/users\/2"}],"replies":[{"embeddable":true,"href":"https:\/\/www.caririemacao.com\/1\/wp-json\/wp\/v2\/comments?post=25459"}],"version-history":[{"count":0,"href":"https:\/\/www.caririemacao.com\/1\/wp-json\/wp\/v2\/posts\/25459\/revisions"}],"wp:featuredmedia":[{"embeddable":true,"href":"https:\/\/www.caririemacao.com\/1\/wp-json\/wp\/v2\/media\/921"}],"wp:attachment":[{"href":"https:\/\/www.caririemacao.com\/1\/wp-json\/wp\/v2\/media?parent=25459"}],"wp:term":[{"taxonomy":"category","embeddable":true,"href":"https:\/\/www.caririemacao.com\/1\/wp-json\/wp\/v2\/categories?post=25459"},{"taxonomy":"post_tag","embeddable":true,"href":"https:\/\/www.caririemacao.com\/1\/wp-json\/wp\/v2\/tags?post=25459"}],"curies":[{"name":"wp","href":"https:\/\/api.w.org\/{rel}","templated":true}]}}