{"id":25461,"date":"2017-08-06T09:28:04","date_gmt":"2017-08-06T12:28:04","guid":{"rendered":"http:\/\/caririemacao.com\/1\/?p=25461"},"modified":"2017-08-06T09:28:04","modified_gmt":"2017-08-06T12:28:04","slug":"prefeita-de-monteiro-decreta-luto-oficial-pela-morte-da-pifeira-zabe-da-loca","status":"publish","type":"post","link":"https:\/\/www.caririemacao.com\/1\/2017\/08\/06\/prefeita-de-monteiro-decreta-luto-oficial-pela-morte-da-pifeira-zabe-da-loca\/","title":{"rendered":"Prefeita de Monteiro decreta luto oficial pela morte da pifeira Zab\u00e9 da Loca"},"content":{"rendered":"<p>A prefeita Anna Lorena assinou decreto de Luto Oficial por tr\u00eas dias em virtude do falecimento de Isabel Marques da Silva, nacionalmente conhecida por Zab\u00e9 da Loca, ocorrido na manh\u00e3 deste s\u00e1bado, 5 de agosto.<\/p>\n<p>\u201cMonteiro perde uma reconhecida artista musical, que do seu jeito \u00edmpar levou o nome de nosso munic\u00edpio pelo Brasil e at\u00e9 ao exterior mostrando a nossa cultura e a construir sua hist\u00f3ria. Neste momento que expressamos o nosso sentimento de perda, externamos nosso pesar a todos familiares e aqueles que se dedicaram de corpo e alma pela manuten\u00e7\u00e3o de sua vida enquanto poss\u00edvel\u201d, registrou a prefeita Anna Lorena.<\/p>\n<p>O corpo est\u00e1 sendo velado no Centro Cultural, j\u00e1 o sepultamento est\u00e1 previsto para as 10h deste domingo (06).<\/p>\n<p><strong>CARIRI EM A\u00c7\u00c3O<\/strong><\/p>\n<p><em>Com Ascom\/Foto: Divulga\u00e7\u00e3o\u00a0<\/em><\/p>\n<p><strong>Leia mais not\u00edcias em\u00a0<\/strong><a href=\"http:\/\/www.caririemacao.com\/\"><strong>caririemacao.com<\/strong><\/a><strong>, siga nossa p\u00e1gina no\u00a0<\/strong><a href=\"https:\/\/www.facebook.com\/CaririEmAcao\/?ref=aymt_homepage_panel\"><strong>Facebook<\/strong><\/a>,<strong>\u00a0<\/strong><a href=\"https:\/\/www.instagram.com\/cariri_em_acao\/?hl=pt-br\"><strong>Instagram<\/strong><\/a><strong>\u00a0e <\/strong><a href=\"https:\/\/www.youtube.com\/channel\/UCAptA0jQuYQy8vMhLt2m4qg\"><strong>Youtube<\/strong><\/a><strong>\u00a0e veja nossas mat\u00e9rias, v\u00eddeos e fotos. Voc\u00ea tamb\u00e9m pode enviar informa\u00e7\u00f5es \u00e0 Reda\u00e7\u00e3o do Portal Cariri em A\u00e7\u00e3o pelo WhatsApp (83) 9 9634.5791, (83) 9 9601-1162.<\/strong><\/p>\n","protected":false},"excerpt":{"rendered":"<p>A prefeita Anna Lorena assinou decreto de Luto Oficial por tr\u00eas dias em virtude do falecimento de Isabel Marques da Silva, nacionalmente conhecida por Zab\u00e9&hellip; <\/p>\n","protected":false},"author":2,"featured_media":25462,"comment_status":"closed","ping_status":"closed","sticky":false,"template":"","format":"standard","meta":{"sfsi_plus_gutenberg_text_before_share":"","sfsi_plus_gutenberg_show_text_before_share":"","sfsi_plus_gutenberg_icon_type":"","sfsi_plus_gutenberg_icon_alignemt":"","sfsi_plus_gutenburg_max_per_row":"","footnotes":""},"categories":[2],"tags":[],"class_list":["post-25461","post","type-post","status-publish","format-standard","has-post-thumbnail","hentry","category-geral"],"_links":{"self":[{"href":"https:\/\/www.caririemacao.com\/1\/wp-json\/wp\/v2\/posts\/25461","targetHints":{"allow":["GET"]}}],"collection":[{"href":"https:\/\/www.caririemacao.com\/1\/wp-json\/wp\/v2\/posts"}],"about":[{"href":"https:\/\/www.caririemacao.com\/1\/wp-json\/wp\/v2\/types\/post"}],"author":[{"embeddable":true,"href":"https:\/\/www.caririemacao.com\/1\/wp-json\/wp\/v2\/users\/2"}],"replies":[{"embeddable":true,"href":"https:\/\/www.caririemacao.com\/1\/wp-json\/wp\/v2\/comments?post=25461"}],"version-history":[{"count":0,"href":"https:\/\/www.caririemacao.com\/1\/wp-json\/wp\/v2\/posts\/25461\/revisions"}],"wp:featuredmedia":[{"embeddable":true,"href":"https:\/\/www.caririemacao.com\/1\/wp-json\/wp\/v2\/media\/25462"}],"wp:attachment":[{"href":"https:\/\/www.caririemacao.com\/1\/wp-json\/wp\/v2\/media?parent=25461"}],"wp:term":[{"taxonomy":"category","embeddable":true,"href":"https:\/\/www.caririemacao.com\/1\/wp-json\/wp\/v2\/categories?post=25461"},{"taxonomy":"post_tag","embeddable":true,"href":"https:\/\/www.caririemacao.com\/1\/wp-json\/wp\/v2\/tags?post=25461"}],"curies":[{"name":"wp","href":"https:\/\/api.w.org\/{rel}","templated":true}]}}