{"id":25464,"date":"2017-08-06T09:34:10","date_gmt":"2017-08-06T12:34:10","guid":{"rendered":"http:\/\/caririemacao.com\/1\/?p=25464"},"modified":"2017-08-06T09:35:56","modified_gmt":"2017-08-06T12:35:56","slug":"prefeitura-de-sume-emite-nota-de-esclarecimento-sobre-denuncia","status":"publish","type":"post","link":"https:\/\/www.caririemacao.com\/1\/2017\/08\/06\/prefeitura-de-sume-emite-nota-de-esclarecimento-sobre-denuncia\/","title":{"rendered":"Prefeitura de Sum\u00e9 emite nota de esclarecimento sobre den\u00fancia"},"content":{"rendered":"<p>NOTA \u00a0\u00c0 IMPRENSA<\/p>\n<p>A Prefeitura Municipal de Sum\u00e9 vem a p\u00fablico desmentir, o teor desinformado e tendencioso de not\u00edcia veiculada pelo Portal TV Cariri, no \u00faltimo dia 04 de agosto, em que acusa a administra\u00e7\u00e3o do Munic\u00edpio de Sum\u00e9 de n\u00e3o pagar o sal\u00e1rio m\u00ednimo aos seus servidores efetivos.<\/p>\n<p>A Prefeitura de Sum\u00e9 n\u00e3o est\u00e1 descumprindo a Lei e nunca teve a inten\u00e7\u00e3o de prejudicar qualquer servidor, muito menos deixar de pagar o sal\u00e1rio integral.<\/p>\n<p>\u00c9 de se classificar como leviana a forma como o texto da not\u00edcia foi produzido, afastando a fundamenta\u00e7\u00e3o dos fatos. O fato de n\u00e3o conseguir o contato diretamente com o prefeito, n\u00e3o impede a procura por seus assessores. Ligar para o telefone fixo da Prefeitura, fora de seu hor\u00e1rio de expediente, sem haver nela nenhum funcion\u00e1rio, \u00e9 uma atitude que beira a m\u00e1 f\u00e9.<\/p>\n<p>Quando se trata de sal\u00e1rio m\u00ednimo, nenhum servidor pode receber no total de sua REMUNERA\u00c7\u00c3O valor inferior a R$ 937,00 (sal\u00e1rio m\u00ednimo vigente), o que n\u00e3o \u00e9 o caso da denunciante Adriana Vilar de Sousa.<\/p>\n<p>O sal\u00e1rio-base do cargo pode ser inferior ao m\u00ednimo, o que n\u00e3o pode ser inferior \u00e9 a sua remunera\u00e7\u00e3o, que somam o vencimento mais as vantagens de natureza permanente e as de natureza tempor\u00e1ria (gratifica\u00e7\u00f5es).<\/p>\n<p>No caso da servidora Adriana, sua remunera\u00e7\u00e3o soma R$ 1.034,79 (880,00 de sal\u00e1rio base <strong>+<\/strong> 154,79 de Vantagem de Pessoal Nominalmente Notific\u00e1vel \u2013 VPNI \u2013 natureza permanente), ou seja, a servidora, assim como os demais, recebem seus vencimentos acima do m\u00ednimo.<\/p>\n<p>O pr\u00f3prio Supremo Tribunal Federal j\u00e1 tem mat\u00e9ria pacificada e julgada em sua corte versadas nestes fatos. A jurisprud\u00eancia dominante no STF \u00e9 no sentido de que a garantia de percep\u00e7\u00e3o de sal\u00e1rio-m\u00ednimo conferida ao servidor por for\u00e7a dos arts. 7\u00b0, inciso IV; e 39, \u00a7 3\u00b0, da Constitui\u00e7\u00e3o Federal, corresponde \u00e0 sua remunera\u00e7\u00e3o total e n\u00e3o apenas ao vencimento-b\u00e1sico, que pode ser inferior ao m\u00ednimo, e tamb\u00e9m, que sobre o abono pago para tingir o sal\u00e1rio-m\u00ednimo n\u00e3o devem incidir as gratifica\u00e7\u00f5es e demais vantagens pecuni\u00e1rias, sob pena de ofensa ao artigo 7\u00b0, Inciso IV, da Constitui\u00e7\u00e3o Federal.<\/p>\n<p>Nesse contexto, o STF aprovou os enunciados das S\u00famulas Vinculantes n\u00b0s 15 e 16, que assim disp\u00f5em respectivamente:<\/p>\n<p><strong>S\u00famula Vinculante 15<\/strong> &#8211; O c\u00e1lculo de gratifica\u00e7\u00f5es e outras vantagens do servidor p\u00fablico n\u00e3o incide sobre o abono utilizado para se atingir o sal\u00e1rio- m\u00ednimo.<\/p>\n<p><strong>S\u00famula Vinculante 16 \u2013 <\/strong>Os artigos 7\u00b0, IV, e 39, \u00a7 3\u00b0 (reda\u00e7\u00e3o da EC 19\/98), da Constitui\u00e7\u00e3o, referem-se ao total da remunera\u00e7\u00e3o percebida pelo servidor p\u00fablico.<\/p>\n<p>A administra\u00e7\u00e3o de Sum\u00e9 atua amparada na Constitui\u00e7\u00e3o e demais legisla\u00e7\u00f5es. O prefeito \u00c9den Duarte n\u00e3o tem a inten\u00e7\u00e3o de prejudicar ou deixar de pagar o que \u00e9 devido aos servidores do munic\u00edpio.<\/p>\n<p>\u00c9 surpreendente a den\u00fancia da servidora, visto que em momento recente, a mesma esteve, juntamente com outros colegas, participando de reuni\u00e3o com o prefeito \u00c9den Duarte, onde o prefeito garantiu que o projeto de Lei de Reajuste do Sal\u00e1rio ser\u00e1 enviado \u00e0 C\u00e2mara com o pagamento retroativo ao m\u00eas de mar\u00e7o, data-base para a realiza\u00e7\u00e3o da revis\u00e3o no munic\u00edpio, ressaltando que Estados e Munic\u00edpios s\u00e3o aut\u00f4nomos em definir a data-base para a concess\u00e3o de suas referidas revis\u00f5es.<\/p>\n<p>\u00c9 conden\u00e1vel not\u00edcias subjetivas e n\u00e3o esclarecedora dos fatos que sacrificam o compromisso da seriedade e da imparcialidade que se esperam dos ve\u00edculos de comunica\u00e7\u00e3o.<\/p>\n<p>Assessoria de Imprensa<\/p>\n<p>05\/08\/2017<\/p>\n<p><strong>CARIRI EM A\u00c7\u00c3O<\/strong><\/p>\n<p><strong>Leia mais not\u00edcias em\u00a0<\/strong><a href=\"http:\/\/www.caririemacao.com\/\"><strong>caririemacao.com<\/strong><\/a><strong>, siga nossa p\u00e1gina no\u00a0<\/strong><a href=\"https:\/\/www.facebook.com\/CaririEmAcao\/?ref=aymt_homepage_panel\"><strong>Facebook<\/strong><\/a>,<strong>\u00a0<\/strong><a href=\"https:\/\/www.instagram.com\/cariri_em_acao\/?hl=pt-br\"><strong>Instagram<\/strong><\/a><strong>\u00a0e <\/strong><a href=\"https:\/\/www.youtube.com\/channel\/UCAptA0jQuYQy8vMhLt2m4qg\"><strong>Youtube<\/strong><\/a><strong>\u00a0e veja nossas mat\u00e9rias, v\u00eddeos e fotos. Voc\u00ea tamb\u00e9m pode enviar informa\u00e7\u00f5es \u00e0 Reda\u00e7\u00e3o do Portal Cariri em A\u00e7\u00e3o pelo WhatsApp (83) 9 9634.5791, (83) 9 9601-1162.<\/strong><\/p>\n","protected":false},"excerpt":{"rendered":"<p>NOTA \u00a0\u00c0 IMPRENSA A Prefeitura Municipal de Sum\u00e9 vem a p\u00fablico desmentir, o teor desinformado e tendencioso de not\u00edcia veiculada pelo Portal TV Cariri, no&hellip; <\/p>\n","protected":false},"author":2,"featured_media":21643,"comment_status":"closed","ping_status":"closed","sticky":false,"template":"","format":"standard","meta":{"sfsi_plus_gutenberg_text_before_share":"","sfsi_plus_gutenberg_show_text_before_share":"","sfsi_plus_gutenberg_icon_type":"","sfsi_plus_gutenberg_icon_alignemt":"","sfsi_plus_gutenburg_max_per_row":"","footnotes":""},"categories":[6],"tags":[],"class_list":["post-25464","post","type-post","status-publish","format-standard","has-post-thumbnail","hentry","category-cidades"],"_links":{"self":[{"href":"https:\/\/www.caririemacao.com\/1\/wp-json\/wp\/v2\/posts\/25464","targetHints":{"allow":["GET"]}}],"collection":[{"href":"https:\/\/www.caririemacao.com\/1\/wp-json\/wp\/v2\/posts"}],"about":[{"href":"https:\/\/www.caririemacao.com\/1\/wp-json\/wp\/v2\/types\/post"}],"author":[{"embeddable":true,"href":"https:\/\/www.caririemacao.com\/1\/wp-json\/wp\/v2\/users\/2"}],"replies":[{"embeddable":true,"href":"https:\/\/www.caririemacao.com\/1\/wp-json\/wp\/v2\/comments?post=25464"}],"version-history":[{"count":0,"href":"https:\/\/www.caririemacao.com\/1\/wp-json\/wp\/v2\/posts\/25464\/revisions"}],"wp:featuredmedia":[{"embeddable":true,"href":"https:\/\/www.caririemacao.com\/1\/wp-json\/wp\/v2\/media\/21643"}],"wp:attachment":[{"href":"https:\/\/www.caririemacao.com\/1\/wp-json\/wp\/v2\/media?parent=25464"}],"wp:term":[{"taxonomy":"category","embeddable":true,"href":"https:\/\/www.caririemacao.com\/1\/wp-json\/wp\/v2\/categories?post=25464"},{"taxonomy":"post_tag","embeddable":true,"href":"https:\/\/www.caririemacao.com\/1\/wp-json\/wp\/v2\/tags?post=25464"}],"curies":[{"name":"wp","href":"https:\/\/api.w.org\/{rel}","templated":true}]}}