{"id":255281,"date":"2022-08-22T09:05:28","date_gmt":"2022-08-22T12:05:28","guid":{"rendered":"https:\/\/www.caririemacao.com\/1\/?p=255281"},"modified":"2022-08-22T09:07:20","modified_gmt":"2022-08-22T12:07:20","slug":"jovem-e-morto-com-requintes-de-crueldade-em-sao-domingos-do-cariri","status":"publish","type":"post","link":"https:\/\/www.caririemacao.com\/1\/2022\/08\/22\/jovem-e-morto-com-requintes-de-crueldade-em-sao-domingos-do-cariri\/","title":{"rendered":"Jovem \u00e9 morto com requintes de crueldade em S\u00e3o Domingos do Cariri"},"content":{"rendered":"<p>Um jovem indentificado por Vov\u00f4 de S\u00e3o Domingos do Cariri foi encontrado morto pr\u00f3ximo ao Rio Para\u00edba com requintes de crueldade, na manh\u00e3 desta segunda-feira (22). Existem marcas de viol\u00eancia pelo corpo da v\u00edtima.<\/p>\n<p>A Pol\u00edcia dever\u00e1 investigar o caso. N\u00e3o se sabe quem foi respons\u00e1vel pelo crime, e nem os motivos que levaram a execu\u00e7\u00e3o do jovem.<\/p>\n<p><em>Mais informa\u00e7\u00f5es em instantes<\/em><\/p>\n<p>&nbsp;<\/p>\n<p><b>CARIRI EM A\u00c7\u00c3O<\/b><\/p>\n<p>Com Blog do Bruno Lira<\/p>\n","protected":false},"excerpt":{"rendered":"<p>Um jovem indentificado por Vov\u00f4 de S\u00e3o Domingos do Cariri foi encontrado morto pr\u00f3ximo ao Rio Para\u00edba com requintes de crueldade, na manh\u00e3 desta segunda-feira&hellip; <\/p>\n","protected":false},"author":6,"featured_media":251403,"comment_status":"closed","ping_status":"closed","sticky":false,"template":"","format":"standard","meta":{"sfsi_plus_gutenberg_text_before_share":"","sfsi_plus_gutenberg_show_text_before_share":"","sfsi_plus_gutenberg_icon_type":"","sfsi_plus_gutenberg_icon_alignemt":"","sfsi_plus_gutenburg_max_per_row":"","footnotes":""},"categories":[87],"tags":[],"class_list":["post-255281","post","type-post","status-publish","format-standard","has-post-thumbnail","hentry","category-sao-domingos-do-cariri"],"_links":{"self":[{"href":"https:\/\/www.caririemacao.com\/1\/wp-json\/wp\/v2\/posts\/255281","targetHints":{"allow":["GET"]}}],"collection":[{"href":"https:\/\/www.caririemacao.com\/1\/wp-json\/wp\/v2\/posts"}],"about":[{"href":"https:\/\/www.caririemacao.com\/1\/wp-json\/wp\/v2\/types\/post"}],"author":[{"embeddable":true,"href":"https:\/\/www.caririemacao.com\/1\/wp-json\/wp\/v2\/users\/6"}],"replies":[{"embeddable":true,"href":"https:\/\/www.caririemacao.com\/1\/wp-json\/wp\/v2\/comments?post=255281"}],"version-history":[{"count":2,"href":"https:\/\/www.caririemacao.com\/1\/wp-json\/wp\/v2\/posts\/255281\/revisions"}],"predecessor-version":[{"id":255283,"href":"https:\/\/www.caririemacao.com\/1\/wp-json\/wp\/v2\/posts\/255281\/revisions\/255283"}],"wp:featuredmedia":[{"embeddable":true,"href":"https:\/\/www.caririemacao.com\/1\/wp-json\/wp\/v2\/media\/251403"}],"wp:attachment":[{"href":"https:\/\/www.caririemacao.com\/1\/wp-json\/wp\/v2\/media?parent=255281"}],"wp:term":[{"taxonomy":"category","embeddable":true,"href":"https:\/\/www.caririemacao.com\/1\/wp-json\/wp\/v2\/categories?post=255281"},{"taxonomy":"post_tag","embeddable":true,"href":"https:\/\/www.caririemacao.com\/1\/wp-json\/wp\/v2\/tags?post=255281"}],"curies":[{"name":"wp","href":"https:\/\/api.w.org\/{rel}","templated":true}]}}