{"id":255284,"date":"2022-08-22T09:08:37","date_gmt":"2022-08-22T12:08:37","guid":{"rendered":"https:\/\/www.caririemacao.com\/1\/?p=255284"},"modified":"2022-08-22T09:08:37","modified_gmt":"2022-08-22T12:08:37","slug":"apos-datafolha-btg-confirma-leve-queda-na-vantagem-de-lula-para-bolsonaro","status":"publish","type":"post","link":"https:\/\/www.caririemacao.com\/1\/2022\/08\/22\/apos-datafolha-btg-confirma-leve-queda-na-vantagem-de-lula-para-bolsonaro\/","title":{"rendered":"Ap\u00f3s Datafolha, BTG confirma leve queda na vantagem de Lula para Bolsonaro"},"content":{"rendered":"<p>Pesquisa BTG\/FSB divulgada nesta segunda-feira (22\/08) mostra um leve crescimento do presidente Jair Bolsonaro (PL) na inten\u00e7\u00e3o de voto para disputa presidencial do pr\u00f3ximo dia 2 de outubro, confirmando o que adiantou a Datafolha na semana passada.<\/p>\n<p>O ex-presidente Lula (PT) se manteve est\u00e1vel na lideran\u00e7a, com 45% das inten\u00e7\u00f5es de voto, enquanto Bolsonaro \u00e9 o segundo colocado, agora com 36%.<\/p>\n<p>Em rela\u00e7\u00e3o ao levantamento anterior, publicado na semana passada, o petista manteve o mesmo percentual, enquanto o presidente cresceu 2 pontos percentuais.<\/p>\n<p>Ciro Gomes (PDT) perdeu 2 pontos percentuais e agora tem 6%, seguido por Simone Tebet (MDB), que ganhou um ponto percentual e aparece com 3%.<\/p>\n<p>Vera L\u00facia (PSTU) e Pablo Mar\u00e7al (PROS), cuja candidatura foi retirada pelo seu partido, somam 1%. Os demais candidatos n\u00e3o pontuaram. Brancos e nulos somam 2%, e os n\u00e3o sabem ou n\u00e3o responderam, 3%.<\/p>\n<p>&nbsp;<\/p>\n<p>Blog do Maur\u00edlio J\u00fanior<\/p>\n","protected":false},"excerpt":{"rendered":"<p>Pesquisa BTG\/FSB divulgada nesta segunda-feira (22\/08) mostra um leve crescimento do presidente Jair Bolsonaro (PL) na inten\u00e7\u00e3o de voto para disputa presidencial do pr\u00f3ximo dia&hellip; <\/p>\n","protected":false},"author":6,"featured_media":251985,"comment_status":"closed","ping_status":"closed","sticky":false,"template":"","format":"standard","meta":{"sfsi_plus_gutenberg_text_before_share":"","sfsi_plus_gutenberg_show_text_before_share":"","sfsi_plus_gutenberg_icon_type":"","sfsi_plus_gutenberg_icon_alignemt":"","sfsi_plus_gutenburg_max_per_row":"","footnotes":""},"categories":[123],"tags":[],"class_list":["post-255284","post","type-post","status-publish","format-standard","has-post-thumbnail","hentry","category-brasil"],"_links":{"self":[{"href":"https:\/\/www.caririemacao.com\/1\/wp-json\/wp\/v2\/posts\/255284","targetHints":{"allow":["GET"]}}],"collection":[{"href":"https:\/\/www.caririemacao.com\/1\/wp-json\/wp\/v2\/posts"}],"about":[{"href":"https:\/\/www.caririemacao.com\/1\/wp-json\/wp\/v2\/types\/post"}],"author":[{"embeddable":true,"href":"https:\/\/www.caririemacao.com\/1\/wp-json\/wp\/v2\/users\/6"}],"replies":[{"embeddable":true,"href":"https:\/\/www.caririemacao.com\/1\/wp-json\/wp\/v2\/comments?post=255284"}],"version-history":[{"count":1,"href":"https:\/\/www.caririemacao.com\/1\/wp-json\/wp\/v2\/posts\/255284\/revisions"}],"predecessor-version":[{"id":255285,"href":"https:\/\/www.caririemacao.com\/1\/wp-json\/wp\/v2\/posts\/255284\/revisions\/255285"}],"wp:featuredmedia":[{"embeddable":true,"href":"https:\/\/www.caririemacao.com\/1\/wp-json\/wp\/v2\/media\/251985"}],"wp:attachment":[{"href":"https:\/\/www.caririemacao.com\/1\/wp-json\/wp\/v2\/media?parent=255284"}],"wp:term":[{"taxonomy":"category","embeddable":true,"href":"https:\/\/www.caririemacao.com\/1\/wp-json\/wp\/v2\/categories?post=255284"},{"taxonomy":"post_tag","embeddable":true,"href":"https:\/\/www.caririemacao.com\/1\/wp-json\/wp\/v2\/tags?post=255284"}],"curies":[{"name":"wp","href":"https:\/\/api.w.org\/{rel}","templated":true}]}}