{"id":255534,"date":"2022-08-28T08:16:18","date_gmt":"2022-08-28T11:16:18","guid":{"rendered":"https:\/\/www.caririemacao.com\/1\/?p=255534"},"modified":"2022-08-28T08:17:01","modified_gmt":"2022-08-28T11:17:01","slug":"aneel-mantem-bandeira-tarifaria-verde-para-o-mes-de-setembro","status":"publish","type":"post","link":"https:\/\/www.caririemacao.com\/1\/2022\/08\/28\/aneel-mantem-bandeira-tarifaria-verde-para-o-mes-de-setembro\/","title":{"rendered":"Aneel mant\u00e9m bandeira tarif\u00e1ria verde para o m\u00eas de setembro"},"content":{"rendered":"<p><em><strong>Conta de luz est\u00e1 sem essas taxas desde o fim da bandeira de escassez h\u00eddrica, que durou\u00a0de setembro\u00a0de 2021 at\u00e9 meados\u00a0de abril\u00a0deste ano<\/strong><\/em><\/p>\n<p>A Ag\u00eancia Nacional de Energia El\u00e9trica (Aneel) manteve a bandeira verde em setembro para todos os consumidores conectados ao Sistema Interligado Nacional (SIN). Com a decis\u00e3o, n\u00e3o haver\u00e1 cobran\u00e7a extra na conta de luz pelo quinto m\u00eas seguido.<\/p>\n<p>A conta de luz est\u00e1 sem essas taxas desde o fim da bandeira de escassez h\u00eddrica, que durou\u00a0de setembro\u00a0de 2021 at\u00e9 meados\u00a0de abril\u00a0deste ano. Segundo a Aneel, na ocasi\u00e3o, a bandeira verde foi escolhida devido \u00e0s condi\u00e7\u00f5es favor\u00e1veis de gera\u00e7\u00e3o de energia.<img decoding=\"async\" src=\"https:\/\/agenciabrasil.ebc.com.br\/ebc.png?id=1479122&amp;o=node\" \/><img decoding=\"async\" src=\"https:\/\/agenciabrasil.ebc.com.br\/ebc.gif?id=1479122&amp;o=node\" \/><\/p>\n<p>Caso houvesse a institui\u00e7\u00e3o das outras bandeiras, a conta de luz refletiria o reajuste de at\u00e9 64% das bandeiras tarif\u00e1rias aprovado no fim de junho pela Aneel. Segundo a ag\u00eancia, os aumentos refletiram a infla\u00e7\u00e3o e o maior custo das usinas termel\u00e9tricas neste ano, decorrente do encarecimento do petr\u00f3leo e do g\u00e1s natural nos \u00faltimos meses.<\/p>\n<h2>Bandeiras Tarif\u00e1rias<\/h2>\n<p>Criadas em 2015 pela Aneel, as\u00a0bandeiras tarif\u00e1rias\u00a0refletem os custos vari\u00e1veis da gera\u00e7\u00e3o de energia el\u00e9trica. Divididas em n\u00edveis, as bandeiras indicam quanto est\u00e1 custando para o SIN gerar a energia usada nas casas, em estabelecimentos comerciais e nas ind\u00fastrias.<\/p>\n<p>Quando a conta de luz \u00e9 calculada pela bandeira verde, significa que a conta n\u00e3o sofre qualquer acr\u00e9scimo. Quando s\u00e3o aplicadas as bandeiras vermelha ou amarela, a conta sofre acr\u00e9scimos, que variam de R$ 2,989 (bandeira amarela) a R$ 9,795 (bandeira vermelha patamar 2) a cada 100 quilowatts-hora (kWh) consumidos. Quando a bandeira de escassez h\u00eddrica vigorou, de setembro de 2021 a\u00a015 de abril\u00a0deste ano, o consumidor pagava R$ 14,20 extras a cada 100 kWh.<\/p>\n<p>O Sistema Interligado Nacional \u00e9 dividido em quatro subsistemas: Sudeste\/Centro-Oeste, Sul, Nordeste e Norte. Praticamente todo o pa\u00eds \u00e9 coberto pelo SIN. A exce\u00e7\u00e3o s\u00e3o algumas partes de estados da Regi\u00e3o Norte e de Mato Grosso, al\u00e9m de todo o estado de Roraima. Atualmente, h\u00e1 212 localidades isoladas do SIN, nas quais o consumo \u00e9 baixo e representa menos de 1% da carga total do pa\u00eds. A demanda por energia nessas regi\u00f5es \u00e9 suprida, principalmente, por t\u00e9rmicas a \u00f3leo diesel.<\/p>\n<p>FONTE: Portal Correio<\/p>\n","protected":false},"excerpt":{"rendered":"<p>Conta de luz est\u00e1 sem essas taxas desde o fim da bandeira de escassez h\u00eddrica, que durou\u00a0de setembro\u00a0de 2021 at\u00e9 meados\u00a0de abril\u00a0deste ano A Ag\u00eancia Nacional de Energia El\u00e9trica (Aneel) manteve a bandeira verde em setembro para todos os consumidores conectados ao Sistema Interligado Nacional (SIN). Com a decis\u00e3o, n\u00e3o haver\u00e1 cobran\u00e7a extra na conta de luz pelo quinto m\u00eas seguido. A conta de luz est\u00e1 sem essas taxas desde o fim da bandeira de escassez h\u00eddrica, que durou\u00a0de setembro\u00a0de 2021 at\u00e9 meados\u00a0de abril\u00a0deste ano. Segundo a Aneel, na ocasi\u00e3o, a bandeira verde foi escolhida devido \u00e0s condi\u00e7\u00f5es favor\u00e1veis de gera\u00e7\u00e3o de energia. Caso houvesse a institui\u00e7\u00e3o das outras bandeiras, a conta de luz refletiria o reajuste de at\u00e9 64% das bandeiras tarif\u00e1rias aprovado no fim de junho pela Aneel. Segundo a ag\u00eancia, os aumentos refletiram a infla\u00e7\u00e3o e o maior custo das usinas termel\u00e9tricas neste ano, decorrente do encarecimento do petr\u00f3leo e do g\u00e1s natural nos \u00faltimos meses. Bandeiras Tarif\u00e1rias Criadas em 2015 pela Aneel, as\u00a0bandeiras tarif\u00e1rias\u00a0refletem os custos vari\u00e1veis da gera\u00e7\u00e3o de energia el\u00e9trica. Divididas em n\u00edveis, as bandeiras indicam quanto est\u00e1 custando para o SIN gerar a energia usada nas casas, em estabelecimentos comerciais e nas ind\u00fastrias. Quando a conta de luz \u00e9 calculada pela bandeira verde, significa que a conta n\u00e3o sofre qualquer acr\u00e9scimo. Quando s\u00e3o aplicadas as bandeiras vermelha ou amarela, a conta sofre acr\u00e9scimos, que variam de R$ 2,989 (bandeira amarela) a R$ 9,795 (bandeira vermelha patamar 2) a cada 100 quilowatts-hora (kWh) consumidos. Quando a bandeira de escassez h\u00eddrica vigorou, de setembro de 2021 a\u00a015 de abril\u00a0deste ano, o consumidor pagava R$ 14,20 extras a cada 100 kWh. O Sistema Interligado Nacional \u00e9 dividido em quatro subsistemas: Sudeste\/Centro-Oeste, Sul, Nordeste e Norte. Praticamente todo o pa\u00eds \u00e9 coberto pelo SIN. A exce\u00e7\u00e3o s\u00e3o algumas partes de estados da Regi\u00e3o Norte e de Mato Grosso, al\u00e9m de todo o estado de Roraima. Atualmente, h\u00e1 212 localidades isoladas do SIN, nas quais o consumo \u00e9 baixo e representa menos de 1% da carga total do pa\u00eds. A demanda por energia nessas regi\u00f5es \u00e9 suprida, principalmente, por t\u00e9rmicas a \u00f3leo diesel. FONTE: Portal Correio<\/p>\n","protected":false},"author":6,"featured_media":255535,"comment_status":"closed","ping_status":"closed","sticky":false,"template":"","format":"standard","meta":{"sfsi_plus_gutenberg_text_before_share":"","sfsi_plus_gutenberg_show_text_before_share":"","sfsi_plus_gutenberg_icon_type":"","sfsi_plus_gutenberg_icon_alignemt":"","sfsi_plus_gutenburg_max_per_row":"","footnotes":""},"categories":[50,2],"tags":[],"class_list":["post-255534","post","type-post","status-publish","format-standard","has-post-thumbnail","hentry","category-destaque","category-geral"],"_links":{"self":[{"href":"https:\/\/www.caririemacao.com\/1\/wp-json\/wp\/v2\/posts\/255534","targetHints":{"allow":["GET"]}}],"collection":[{"href":"https:\/\/www.caririemacao.com\/1\/wp-json\/wp\/v2\/posts"}],"about":[{"href":"https:\/\/www.caririemacao.com\/1\/wp-json\/wp\/v2\/types\/post"}],"author":[{"embeddable":true,"href":"https:\/\/www.caririemacao.com\/1\/wp-json\/wp\/v2\/users\/6"}],"replies":[{"embeddable":true,"href":"https:\/\/www.caririemacao.com\/1\/wp-json\/wp\/v2\/comments?post=255534"}],"version-history":[{"count":2,"href":"https:\/\/www.caririemacao.com\/1\/wp-json\/wp\/v2\/posts\/255534\/revisions"}],"predecessor-version":[{"id":255537,"href":"https:\/\/www.caririemacao.com\/1\/wp-json\/wp\/v2\/posts\/255534\/revisions\/255537"}],"wp:featuredmedia":[{"embeddable":true,"href":"https:\/\/www.caririemacao.com\/1\/wp-json\/wp\/v2\/media\/255535"}],"wp:attachment":[{"href":"https:\/\/www.caririemacao.com\/1\/wp-json\/wp\/v2\/media?parent=255534"}],"wp:term":[{"taxonomy":"category","embeddable":true,"href":"https:\/\/www.caririemacao.com\/1\/wp-json\/wp\/v2\/categories?post=255534"},{"taxonomy":"post_tag","embeddable":true,"href":"https:\/\/www.caririemacao.com\/1\/wp-json\/wp\/v2\/tags?post=255534"}],"curies":[{"name":"wp","href":"https:\/\/api.w.org\/{rel}","templated":true}]}}