{"id":255642,"date":"2022-08-30T09:01:01","date_gmt":"2022-08-30T12:01:01","guid":{"rendered":"https:\/\/www.caririemacao.com\/1\/?p=255642"},"modified":"2022-08-30T09:01:01","modified_gmt":"2022-08-30T12:01:01","slug":"com-recursos-proprios-prefeitura-de-sao-domingos-do-cariri-adquire-novo-veiculo-para-a-saude","status":"publish","type":"post","link":"https:\/\/www.caririemacao.com\/1\/2022\/08\/30\/com-recursos-proprios-prefeitura-de-sao-domingos-do-cariri-adquire-novo-veiculo-para-a-saude\/","title":{"rendered":"Com recursos pr\u00f3prios, Prefeitura de S\u00e3o Domingos do Cariri adquire novo ve\u00edculo para a sa\u00fade"},"content":{"rendered":"<p>A Prefeitura Municipal de S\u00e3o Domingos do Cariri adquiriu com recursos pr\u00f3prios atrav\u00e9s do fundo Municipal de Sa\u00fade um novo ve\u00edculo Spin para o transporte de pacientes. O ve\u00edculo vai beneficiar a popula\u00e7\u00e3o do munic\u00edpio.<\/p>\n<p>O prefeito Onildo comentou sobre a mais nova aquisi\u00e7\u00e3o da gest\u00e3o municipal e os benef\u00edcios para a popula\u00e7\u00e3o.<\/p>\n<p>\u201cHoje \u00e9 um dia muito feliz para mim pois estamos entregando mais um ve\u00edculo \u00e0 popula\u00e7\u00e3o de S\u00e3o Domingos, desta vez um ve\u00edculo spin com capacidade de transportar 7 passageiros que vai nos ajudar muito pois chega para refor\u00e7ar cada vez mais a nossa frota, este ve\u00edculo ser\u00e1 para a sa\u00fade do nosso munic\u00edpio, ele ir\u00e1 trazer mais conforto e seguran\u00e7a para os usu\u00e1rios,\u201d frisou o gestor.<\/p>\n<p>&nbsp;<\/p>\n<p>Ascom<\/p>\n","protected":false},"excerpt":{"rendered":"<p>A Prefeitura Municipal de S\u00e3o Domingos do Cariri adquiriu com recursos pr\u00f3prios atrav\u00e9s do fundo Municipal de Sa\u00fade um novo ve\u00edculo Spin para o transporte&hellip; <\/p>\n","protected":false},"author":6,"featured_media":255643,"comment_status":"closed","ping_status":"closed","sticky":false,"template":"","format":"standard","meta":{"sfsi_plus_gutenberg_text_before_share":"","sfsi_plus_gutenberg_show_text_before_share":"","sfsi_plus_gutenberg_icon_type":"","sfsi_plus_gutenberg_icon_alignemt":"","sfsi_plus_gutenburg_max_per_row":"","footnotes":""},"categories":[87],"tags":[],"class_list":["post-255642","post","type-post","status-publish","format-standard","has-post-thumbnail","hentry","category-sao-domingos-do-cariri"],"_links":{"self":[{"href":"https:\/\/www.caririemacao.com\/1\/wp-json\/wp\/v2\/posts\/255642","targetHints":{"allow":["GET"]}}],"collection":[{"href":"https:\/\/www.caririemacao.com\/1\/wp-json\/wp\/v2\/posts"}],"about":[{"href":"https:\/\/www.caririemacao.com\/1\/wp-json\/wp\/v2\/types\/post"}],"author":[{"embeddable":true,"href":"https:\/\/www.caririemacao.com\/1\/wp-json\/wp\/v2\/users\/6"}],"replies":[{"embeddable":true,"href":"https:\/\/www.caririemacao.com\/1\/wp-json\/wp\/v2\/comments?post=255642"}],"version-history":[{"count":1,"href":"https:\/\/www.caririemacao.com\/1\/wp-json\/wp\/v2\/posts\/255642\/revisions"}],"predecessor-version":[{"id":255644,"href":"https:\/\/www.caririemacao.com\/1\/wp-json\/wp\/v2\/posts\/255642\/revisions\/255644"}],"wp:featuredmedia":[{"embeddable":true,"href":"https:\/\/www.caririemacao.com\/1\/wp-json\/wp\/v2\/media\/255643"}],"wp:attachment":[{"href":"https:\/\/www.caririemacao.com\/1\/wp-json\/wp\/v2\/media?parent=255642"}],"wp:term":[{"taxonomy":"category","embeddable":true,"href":"https:\/\/www.caririemacao.com\/1\/wp-json\/wp\/v2\/categories?post=255642"},{"taxonomy":"post_tag","embeddable":true,"href":"https:\/\/www.caririemacao.com\/1\/wp-json\/wp\/v2\/tags?post=255642"}],"curies":[{"name":"wp","href":"https:\/\/api.w.org\/{rel}","templated":true}]}}