{"id":255646,"date":"2022-08-30T11:05:29","date_gmt":"2022-08-30T14:05:29","guid":{"rendered":"https:\/\/www.caririemacao.com\/1\/?p=255646"},"modified":"2022-08-30T11:05:29","modified_gmt":"2022-08-30T14:05:29","slug":"operacao-prende-acusados-de-assaltar-agencia-do-banco-do-brasil-no-cariri","status":"publish","type":"post","link":"https:\/\/www.caririemacao.com\/1\/2022\/08\/30\/operacao-prende-acusados-de-assaltar-agencia-do-banco-do-brasil-no-cariri\/","title":{"rendered":"Opera\u00e7\u00e3o prende acusados de assaltar ag\u00eancia do Banco do Brasil no Cariri"},"content":{"rendered":"<p>Uma opera\u00e7\u00e3o da Pol\u00edcia Civil prendeu na manh\u00e3 desta ter\u00e7a-feira (30) dois suspeitos de assaltar a ag\u00eancia do Banco do Brasil da cidade de Tapero\u00e1, no Cariri paraibano.<\/p>\n<p>O crime aconteceu no dia 25 de mar\u00e7o e a pris\u00e3o foi realizada pela Delegacia de Repress\u00e3o ao Crime Organizado, em Campina Grande.<\/p>\n<p>Os dois suspeitos foram presos nos bairros da Liberdade e Aluizio Campos.<\/p>\n<p>&nbsp;<\/p>\n<p>&nbsp;<\/p>\n<p><em>Com Cariri Ligado<\/em><\/p>\n","protected":false},"excerpt":{"rendered":"<p>Uma opera\u00e7\u00e3o da Pol\u00edcia Civil prendeu na manh\u00e3 desta ter\u00e7a-feira (30) dois suspeitos de assaltar a ag\u00eancia do Banco do Brasil da cidade de Tapero\u00e1,&hellip; <\/p>\n","protected":false},"author":6,"featured_media":255647,"comment_status":"closed","ping_status":"closed","sticky":false,"template":"","format":"standard","meta":{"sfsi_plus_gutenberg_text_before_share":"","sfsi_plus_gutenberg_show_text_before_share":"","sfsi_plus_gutenberg_icon_type":"","sfsi_plus_gutenberg_icon_alignemt":"","sfsi_plus_gutenburg_max_per_row":"","footnotes":""},"categories":[106],"tags":[],"class_list":["post-255646","post","type-post","status-publish","format-standard","has-post-thumbnail","hentry","category-cariri"],"_links":{"self":[{"href":"https:\/\/www.caririemacao.com\/1\/wp-json\/wp\/v2\/posts\/255646","targetHints":{"allow":["GET"]}}],"collection":[{"href":"https:\/\/www.caririemacao.com\/1\/wp-json\/wp\/v2\/posts"}],"about":[{"href":"https:\/\/www.caririemacao.com\/1\/wp-json\/wp\/v2\/types\/post"}],"author":[{"embeddable":true,"href":"https:\/\/www.caririemacao.com\/1\/wp-json\/wp\/v2\/users\/6"}],"replies":[{"embeddable":true,"href":"https:\/\/www.caririemacao.com\/1\/wp-json\/wp\/v2\/comments?post=255646"}],"version-history":[{"count":1,"href":"https:\/\/www.caririemacao.com\/1\/wp-json\/wp\/v2\/posts\/255646\/revisions"}],"predecessor-version":[{"id":255648,"href":"https:\/\/www.caririemacao.com\/1\/wp-json\/wp\/v2\/posts\/255646\/revisions\/255648"}],"wp:featuredmedia":[{"embeddable":true,"href":"https:\/\/www.caririemacao.com\/1\/wp-json\/wp\/v2\/media\/255647"}],"wp:attachment":[{"href":"https:\/\/www.caririemacao.com\/1\/wp-json\/wp\/v2\/media?parent=255646"}],"wp:term":[{"taxonomy":"category","embeddable":true,"href":"https:\/\/www.caririemacao.com\/1\/wp-json\/wp\/v2\/categories?post=255646"},{"taxonomy":"post_tag","embeddable":true,"href":"https:\/\/www.caririemacao.com\/1\/wp-json\/wp\/v2\/tags?post=255646"}],"curies":[{"name":"wp","href":"https:\/\/api.w.org\/{rel}","templated":true}]}}