{"id":255649,"date":"2022-08-30T11:07:54","date_gmt":"2022-08-30T14:07:54","guid":{"rendered":"https:\/\/www.caririemacao.com\/1\/?p=255649"},"modified":"2022-08-30T11:07:54","modified_gmt":"2022-08-30T14:07:54","slug":"policia-civil-apreende-adolescente-envolvido-no-assassinato-do-policial-penal-em-soledade","status":"publish","type":"post","link":"https:\/\/www.caririemacao.com\/1\/2022\/08\/30\/policia-civil-apreende-adolescente-envolvido-no-assassinato-do-policial-penal-em-soledade\/","title":{"rendered":"Pol\u00edcia Civil apreende adolescente envolvido no assassinato do policial penal em Soledade"},"content":{"rendered":"<p>A Pol\u00edcia Civil da Para\u00edba apreendeu nesta segunda-feira, 29 de agosto, um adolescente envolvido diretamente no assassinato do policial penal Dion\u00edsio Marques Cosme, crime cometido no dia 28 de julho, no munic\u00edpio de Soledade. A apreens\u00e3o foi realizada pela equipe de Policiais de Soledade com o apoio do Grupo T\u00e1tico Especial (GTE) da 23\u00aa Delegacia Seccional (sediada em Juazeirinho).<\/p>\n<p>A a\u00e7\u00e3o faz parte da terceira fase da Opera\u00e7\u00e3o Rastros, criada especificamente para investigar o latroc\u00ednio contra o policial penal.<\/p>\n<p><strong>O crime<\/strong><\/p>\n<p>O corpo de Dion\u00edsio Marques foi encontrado dentro de sua casa, no dia 29 de julho, com v\u00e1rios golpes de faca. Como ele teve objetos roubados ap\u00f3s ser assassinado, o crime foi tipificado como latroc\u00ednio.<\/p>\n","protected":false},"excerpt":{"rendered":"<p>A Pol\u00edcia Civil da Para\u00edba apreendeu nesta segunda-feira, 29 de agosto, um adolescente envolvido diretamente no assassinato do policial penal Dion\u00edsio Marques Cosme, crime cometido&hellip; <\/p>\n","protected":false},"author":6,"featured_media":255650,"comment_status":"closed","ping_status":"closed","sticky":false,"template":"","format":"standard","meta":{"sfsi_plus_gutenberg_text_before_share":"","sfsi_plus_gutenberg_show_text_before_share":"","sfsi_plus_gutenberg_icon_type":"","sfsi_plus_gutenberg_icon_alignemt":"","sfsi_plus_gutenburg_max_per_row":"","footnotes":""},"categories":[106],"tags":[],"class_list":["post-255649","post","type-post","status-publish","format-standard","has-post-thumbnail","hentry","category-cariri"],"_links":{"self":[{"href":"https:\/\/www.caririemacao.com\/1\/wp-json\/wp\/v2\/posts\/255649","targetHints":{"allow":["GET"]}}],"collection":[{"href":"https:\/\/www.caririemacao.com\/1\/wp-json\/wp\/v2\/posts"}],"about":[{"href":"https:\/\/www.caririemacao.com\/1\/wp-json\/wp\/v2\/types\/post"}],"author":[{"embeddable":true,"href":"https:\/\/www.caririemacao.com\/1\/wp-json\/wp\/v2\/users\/6"}],"replies":[{"embeddable":true,"href":"https:\/\/www.caririemacao.com\/1\/wp-json\/wp\/v2\/comments?post=255649"}],"version-history":[{"count":1,"href":"https:\/\/www.caririemacao.com\/1\/wp-json\/wp\/v2\/posts\/255649\/revisions"}],"predecessor-version":[{"id":255651,"href":"https:\/\/www.caririemacao.com\/1\/wp-json\/wp\/v2\/posts\/255649\/revisions\/255651"}],"wp:featuredmedia":[{"embeddable":true,"href":"https:\/\/www.caririemacao.com\/1\/wp-json\/wp\/v2\/media\/255650"}],"wp:attachment":[{"href":"https:\/\/www.caririemacao.com\/1\/wp-json\/wp\/v2\/media?parent=255649"}],"wp:term":[{"taxonomy":"category","embeddable":true,"href":"https:\/\/www.caririemacao.com\/1\/wp-json\/wp\/v2\/categories?post=255649"},{"taxonomy":"post_tag","embeddable":true,"href":"https:\/\/www.caririemacao.com\/1\/wp-json\/wp\/v2\/tags?post=255649"}],"curies":[{"name":"wp","href":"https:\/\/api.w.org\/{rel}","templated":true}]}}