{"id":255652,"date":"2022-08-30T11:08:39","date_gmt":"2022-08-30T14:08:39","guid":{"rendered":"https:\/\/www.caririemacao.com\/1\/?p=255652"},"modified":"2022-08-30T11:08:39","modified_gmt":"2022-08-30T14:08:39","slug":"prefeito-de-boa-vista-reafirma-apoio-a-pedro-cunha-lima","status":"publish","type":"post","link":"https:\/\/www.caririemacao.com\/1\/2022\/08\/30\/prefeito-de-boa-vista-reafirma-apoio-a-pedro-cunha-lima\/","title":{"rendered":"Prefeito de Boa Vista reafirma apoio a Pedro Cunha Lima"},"content":{"rendered":"<p>O prefeito da cidade Boa Vista, Andr\u00e9 Gomes, que em 2018 garantiu quase 80% dos votos da cidade para Jo\u00e3o Azev\u00eado, anunciou apoio a candidatura de Pedro Cunha Lima ao Governo da Para\u00edba. O deputado agradeceu a confian\u00e7a no seu nome e destacou o entusiasmo ao receber mais esta ades\u00e3o.<\/p>\n<p>\u201cRecebemos o apoio do prefeito Andr\u00e9 com muita alegria, \u00e9 mais uma importante lideran\u00e7a que chega para somar ao time dos que desejam uma Para\u00edba com mais desenvolvimento e oportunidades para todos. Vamos juntos garantir uma gest\u00e3o estadual parceira, que trabalha de m\u00e3os dadas aos munic\u00edpios para garantir as melhorias para a popula\u00e7\u00e3o\u201d, disse Pedro.<\/p>\n","protected":false},"excerpt":{"rendered":"<p>O prefeito da cidade Boa Vista, Andr\u00e9 Gomes, que em 2018 garantiu quase 80% dos votos da cidade para Jo\u00e3o Azev\u00eado, anunciou apoio a candidatura&hellip; <\/p>\n","protected":false},"author":6,"featured_media":255653,"comment_status":"closed","ping_status":"closed","sticky":false,"template":"","format":"standard","meta":{"sfsi_plus_gutenberg_text_before_share":"","sfsi_plus_gutenberg_show_text_before_share":"","sfsi_plus_gutenberg_icon_type":"","sfsi_plus_gutenberg_icon_alignemt":"","sfsi_plus_gutenburg_max_per_row":"","footnotes":""},"categories":[104],"tags":[],"class_list":["post-255652","post","type-post","status-publish","format-standard","has-post-thumbnail","hentry","category-paraiba"],"_links":{"self":[{"href":"https:\/\/www.caririemacao.com\/1\/wp-json\/wp\/v2\/posts\/255652","targetHints":{"allow":["GET"]}}],"collection":[{"href":"https:\/\/www.caririemacao.com\/1\/wp-json\/wp\/v2\/posts"}],"about":[{"href":"https:\/\/www.caririemacao.com\/1\/wp-json\/wp\/v2\/types\/post"}],"author":[{"embeddable":true,"href":"https:\/\/www.caririemacao.com\/1\/wp-json\/wp\/v2\/users\/6"}],"replies":[{"embeddable":true,"href":"https:\/\/www.caririemacao.com\/1\/wp-json\/wp\/v2\/comments?post=255652"}],"version-history":[{"count":1,"href":"https:\/\/www.caririemacao.com\/1\/wp-json\/wp\/v2\/posts\/255652\/revisions"}],"predecessor-version":[{"id":255654,"href":"https:\/\/www.caririemacao.com\/1\/wp-json\/wp\/v2\/posts\/255652\/revisions\/255654"}],"wp:featuredmedia":[{"embeddable":true,"href":"https:\/\/www.caririemacao.com\/1\/wp-json\/wp\/v2\/media\/255653"}],"wp:attachment":[{"href":"https:\/\/www.caririemacao.com\/1\/wp-json\/wp\/v2\/media?parent=255652"}],"wp:term":[{"taxonomy":"category","embeddable":true,"href":"https:\/\/www.caririemacao.com\/1\/wp-json\/wp\/v2\/categories?post=255652"},{"taxonomy":"post_tag","embeddable":true,"href":"https:\/\/www.caririemacao.com\/1\/wp-json\/wp\/v2\/tags?post=255652"}],"curies":[{"name":"wp","href":"https:\/\/api.w.org\/{rel}","templated":true}]}}