{"id":255655,"date":"2022-08-30T11:10:08","date_gmt":"2022-08-30T14:10:08","guid":{"rendered":"https:\/\/www.caririemacao.com\/1\/?p=255655"},"modified":"2022-08-30T11:10:08","modified_gmt":"2022-08-30T14:10:08","slug":"com-o-apoio-do-grupo-de-situacao-de-coxixola-dr-romualdo-e-carol-gomes-fazem-dobradinha-e-realizam-primeiro-evento-politico-na-cidade","status":"publish","type":"post","link":"https:\/\/www.caririemacao.com\/1\/2022\/08\/30\/com-o-apoio-do-grupo-de-situacao-de-coxixola-dr-romualdo-e-carol-gomes-fazem-dobradinha-e-realizam-primeiro-evento-politico-na-cidade\/","title":{"rendered":"Com o apoio do grupo de situa\u00e7\u00e3o de Coxixola, Dr. Romualdo e Carol Gomes fazem dobradinha e realizam primeiro evento politico na cidade"},"content":{"rendered":"<div class=\"elementor-element elementor-element-8dc9ec5 elementor-widget elementor-widget-theme-post-content\" data-id=\"8dc9ec5\" data-element_type=\"widget\" data-widget_type=\"theme-post-content.default\">\n<div class=\"elementor-widget-container\">\n<p>Durante a manh\u00e3 desta \u00faltima segunda-feira(29), o candidato a deputado estadual Dr. Romualdo e a candidata a deputada federal Carol Gomes, realizaram juntos a sua primeira movimenta\u00e7\u00e3o pol\u00edtica na cidade de Coxixola, ap\u00f3s o an\u00fancio do prefeito Nelsinho Honorato e de todo grupo pol\u00edtico, de apoiar as duas lideran\u00e7as para elei\u00e7\u00f5es estaduais na qual se aproxima.<\/p>\n<p>O prefeito Nelsinho fez quest\u00e3o de participar do evento e juntamente com os vereadores, ex-prefeitos e aliados estiveram caminhando nas ruas da cidade, adesivando os ve\u00edculos, visitando resid\u00eancias e conversando com a popula\u00e7\u00e3o coxixolense.<\/p>\n<figure class=\"wp-block-image aligncenter size-large is-resized\"><img fetchpriority=\"high\" decoding=\"async\" class=\"wp-image-113069\" src=\"https:\/\/deolhonocariri.com.br\/wp-content\/uploads\/2022\/08\/image-43-1536x1023-1-1024x682.png\" sizes=\"(max-width: 695px) 100vw, 695px\" srcset=\"https:\/\/deolhonocariri.com.br\/wp-content\/uploads\/2022\/08\/image-43-1536x1023-1-1024x682.png 1024w, https:\/\/deolhonocariri.com.br\/wp-content\/uploads\/2022\/08\/image-43-1536x1023-1-600x400.png 600w, https:\/\/deolhonocariri.com.br\/wp-content\/uploads\/2022\/08\/image-43-1536x1023-1-400x266.png 400w, https:\/\/deolhonocariri.com.br\/wp-content\/uploads\/2022\/08\/image-43-1536x1023-1-768x512.png 768w, https:\/\/deolhonocariri.com.br\/wp-content\/uploads\/2022\/08\/image-43-1536x1023-1.png 1536w\" alt=\"\" width=\"695\" height=\"463\" \/><\/figure>\n<p>&nbsp;<\/p>\n<p>Em contato com a reportagem, o prefeito Nelsinho Honorato falou sobre o evento pol\u00edtico realizado em Coxixola. \u201cEstivemos com nossos vereadores, ex-prefeitos e demais aliados caminhando nas ruas, adesivando e conversando com os coxixolenses para mostrar o quanto essa dupla se identifica com nossa cidade e vai nos ajudar muito na administra\u00e7\u00e3o. Com Dr. Romualdo Quirino na Assembleia e Carol Gomes em Bras\u00edlia vamos avan\u00e7ar muito mais,\u201d frisou o gestor.<\/p>\n<\/div>\n<\/div>\n<p>&nbsp;<\/p>\n<p>De Olho no Cariri<\/p>\n<div class=\"elementor-element elementor-element-8dc9ec5 elementor-widget elementor-widget-theme-post-content\" data-id=\"8dc9ec5\" data-element_type=\"widget\" data-widget_type=\"theme-post-content.default\">\n<div class=\"elementor-widget-container\">\n<p>&nbsp;<\/p>\n<\/div>\n<\/div>\n<div class=\"elementor-element elementor-element-2cce58b elementor-widget elementor-widget-heading\" data-id=\"2cce58b\" data-element_type=\"widget\" data-widget_type=\"heading.default\">\n<div class=\"elementor-widget-container\"><\/div>\n<\/div>\n","protected":false},"excerpt":{"rendered":"<p>Durante a manh\u00e3 desta \u00faltima segunda-feira(29), o candidato a deputado estadual Dr. Romualdo e a candidata a deputada federal Carol Gomes, realizaram juntos a sua&hellip; <\/p>\n","protected":false},"author":6,"featured_media":255656,"comment_status":"closed","ping_status":"closed","sticky":false,"template":"","format":"standard","meta":{"sfsi_plus_gutenberg_text_before_share":"","sfsi_plus_gutenberg_show_text_before_share":"","sfsi_plus_gutenberg_icon_type":"","sfsi_plus_gutenberg_icon_alignemt":"","sfsi_plus_gutenburg_max_per_row":"","footnotes":""},"categories":[104,11],"tags":[],"class_list":["post-255655","post","type-post","status-publish","format-standard","has-post-thumbnail","hentry","category-paraiba","category-politica"],"_links":{"self":[{"href":"https:\/\/www.caririemacao.com\/1\/wp-json\/wp\/v2\/posts\/255655","targetHints":{"allow":["GET"]}}],"collection":[{"href":"https:\/\/www.caririemacao.com\/1\/wp-json\/wp\/v2\/posts"}],"about":[{"href":"https:\/\/www.caririemacao.com\/1\/wp-json\/wp\/v2\/types\/post"}],"author":[{"embeddable":true,"href":"https:\/\/www.caririemacao.com\/1\/wp-json\/wp\/v2\/users\/6"}],"replies":[{"embeddable":true,"href":"https:\/\/www.caririemacao.com\/1\/wp-json\/wp\/v2\/comments?post=255655"}],"version-history":[{"count":1,"href":"https:\/\/www.caririemacao.com\/1\/wp-json\/wp\/v2\/posts\/255655\/revisions"}],"predecessor-version":[{"id":255657,"href":"https:\/\/www.caririemacao.com\/1\/wp-json\/wp\/v2\/posts\/255655\/revisions\/255657"}],"wp:featuredmedia":[{"embeddable":true,"href":"https:\/\/www.caririemacao.com\/1\/wp-json\/wp\/v2\/media\/255656"}],"wp:attachment":[{"href":"https:\/\/www.caririemacao.com\/1\/wp-json\/wp\/v2\/media?parent=255655"}],"wp:term":[{"taxonomy":"category","embeddable":true,"href":"https:\/\/www.caririemacao.com\/1\/wp-json\/wp\/v2\/categories?post=255655"},{"taxonomy":"post_tag","embeddable":true,"href":"https:\/\/www.caririemacao.com\/1\/wp-json\/wp\/v2\/tags?post=255655"}],"curies":[{"name":"wp","href":"https:\/\/api.w.org\/{rel}","templated":true}]}}