{"id":255659,"date":"2022-08-30T11:11:27","date_gmt":"2022-08-30T14:11:27","guid":{"rendered":"https:\/\/www.caririemacao.com\/1\/?p=255659"},"modified":"2022-08-30T11:11:42","modified_gmt":"2022-08-30T14:11:42","slug":"informe-publicitario-prefeitura-de-sume-reinicia-o-recapeamento-das-estradas-vicinais-do-municipio","status":"publish","type":"post","link":"https:\/\/www.caririemacao.com\/1\/2022\/08\/30\/informe-publicitario-prefeitura-de-sume-reinicia-o-recapeamento-das-estradas-vicinais-do-municipio\/","title":{"rendered":"INFORME PUBLICIT\u00c1RIO: Prefeitura de Sum\u00e9 reinicia o recapeamento das estradas vicinais do munic\u00edpio"},"content":{"rendered":"<p>A Secretaria de Agricultura reiniciou esta semana o recapeamento das estradas vicinais, no sentido dos S\u00edtios Terra Vermelha, Riacho da Ro\u00e7a e regi\u00e3o. Nos trechos onde tem alagamentos e atoleiro e onde a m\u00e1quina Patrol n\u00e3o consegue chegar, o material usado tem sido cascalho.<\/p>\n<p>Desde o in\u00edcio do m\u00eas de agosto tamb\u00e9m deu in\u00edcio ao patrolamento por completo das estradas, come\u00e7ando pela regi\u00e3o dos S\u00edtios Porteiras, Ju\u00e1 e Assentamento Mandacaru.<\/p>\n<p>Recentemente, foi aberta uma estrada entre as comunidades das 3 casas e Ing\u00e1, uma demanda do Or\u00e7amento Democr\u00e1tico Municipal 2022 que, segundo Gian Braz (respondendo pela pasta), um local intransit\u00e1vel e que agora, com o servi\u00e7o realizado, ir\u00e1 diminuir a rota escolar em aproximadamente 8 km.<\/p>\n<p>O munic\u00edpio de Sum\u00e9 possui 630 km de estradas e est\u00e3o sendo utilizadas duas m\u00e1quinas para os servi\u00e7os, enquanto as demais passam por conserto.<\/p>\n<figure class=\"wp-block-image aligncenter size-large is-resized\"><img fetchpriority=\"high\" decoding=\"async\" class=\"wp-image-104853 aligncenter\" src=\"http:\/\/deolhonocariri.com.br\/wp-content\/uploads\/2022\/01\/SUME-1024x1024.jpg\" sizes=\"(max-width: 554px) 100vw, 554px\" srcset=\"https:\/\/deolhonocariri.com.br\/wp-content\/uploads\/2022\/01\/SUME-1024x1024.jpg 1024w, https:\/\/deolhonocariri.com.br\/wp-content\/uploads\/2022\/01\/SUME-600x600.jpg 600w, https:\/\/deolhonocariri.com.br\/wp-content\/uploads\/2022\/01\/SUME-400x400.jpg 400w, https:\/\/deolhonocariri.com.br\/wp-content\/uploads\/2022\/01\/SUME-768x768.jpg 768w, https:\/\/deolhonocariri.com.br\/wp-content\/uploads\/2022\/01\/SUME-900x900.jpg 900w, https:\/\/deolhonocariri.com.br\/wp-content\/uploads\/2022\/01\/SUME.jpg 1080w\" alt=\"\" width=\"492\" height=\"492\" \/><\/figure>\n","protected":false},"excerpt":{"rendered":"<p>A Secretaria de Agricultura reiniciou esta semana o recapeamento das estradas vicinais, no sentido dos S\u00edtios Terra Vermelha, Riacho da Ro\u00e7a e regi\u00e3o. Nos trechos&hellip; <\/p>\n","protected":false},"author":6,"featured_media":255660,"comment_status":"closed","ping_status":"closed","sticky":false,"template":"","format":"standard","meta":{"sfsi_plus_gutenberg_text_before_share":"","sfsi_plus_gutenberg_show_text_before_share":"","sfsi_plus_gutenberg_icon_type":"","sfsi_plus_gutenberg_icon_alignemt":"","sfsi_plus_gutenburg_max_per_row":"","footnotes":""},"categories":[95],"tags":[],"class_list":["post-255659","post","type-post","status-publish","format-standard","has-post-thumbnail","hentry","category-sume"],"_links":{"self":[{"href":"https:\/\/www.caririemacao.com\/1\/wp-json\/wp\/v2\/posts\/255659","targetHints":{"allow":["GET"]}}],"collection":[{"href":"https:\/\/www.caririemacao.com\/1\/wp-json\/wp\/v2\/posts"}],"about":[{"href":"https:\/\/www.caririemacao.com\/1\/wp-json\/wp\/v2\/types\/post"}],"author":[{"embeddable":true,"href":"https:\/\/www.caririemacao.com\/1\/wp-json\/wp\/v2\/users\/6"}],"replies":[{"embeddable":true,"href":"https:\/\/www.caririemacao.com\/1\/wp-json\/wp\/v2\/comments?post=255659"}],"version-history":[{"count":2,"href":"https:\/\/www.caririemacao.com\/1\/wp-json\/wp\/v2\/posts\/255659\/revisions"}],"predecessor-version":[{"id":255662,"href":"https:\/\/www.caririemacao.com\/1\/wp-json\/wp\/v2\/posts\/255659\/revisions\/255662"}],"wp:featuredmedia":[{"embeddable":true,"href":"https:\/\/www.caririemacao.com\/1\/wp-json\/wp\/v2\/media\/255660"}],"wp:attachment":[{"href":"https:\/\/www.caririemacao.com\/1\/wp-json\/wp\/v2\/media?parent=255659"}],"wp:term":[{"taxonomy":"category","embeddable":true,"href":"https:\/\/www.caririemacao.com\/1\/wp-json\/wp\/v2\/categories?post=255659"},{"taxonomy":"post_tag","embeddable":true,"href":"https:\/\/www.caririemacao.com\/1\/wp-json\/wp\/v2\/tags?post=255659"}],"curies":[{"name":"wp","href":"https:\/\/api.w.org\/{rel}","templated":true}]}}