{"id":255663,"date":"2022-08-30T15:40:46","date_gmt":"2022-08-30T18:40:46","guid":{"rendered":"https:\/\/www.caririemacao.com\/1\/?p=255663"},"modified":"2022-08-30T15:40:46","modified_gmt":"2022-08-30T18:40:46","slug":"emerson-e-jane-panta-anunciam-apoio-a-reeleicao-de-joao-azevedo","status":"publish","type":"post","link":"https:\/\/www.caririemacao.com\/1\/2022\/08\/30\/emerson-e-jane-panta-anunciam-apoio-a-reeleicao-de-joao-azevedo\/","title":{"rendered":"Emerson e Jane Panta anunciam apoio \u00e0 reelei\u00e7\u00e3o de Jo\u00e3o Azev\u00eado"},"content":{"rendered":"<p>O prefeito de Santa Rita, Emerson Panta, e a deputada estadual Dra Jane Panta, anunciaram hoje apoio a candidatura a reelei\u00e7\u00e3o do governador Jo\u00e3o Azevedo. Tamb\u00e9m ficou sacramentado que, a partir de agora, o prefeito ser\u00e1 o \u201cbra\u00e7o\u201d do Governo em Santa Rita.<\/p>\n<p>Emerson Panta, pediu a ades\u00e3o de toda sua base pol\u00edtica. \u201cEssa parceria nos ajudar\u00e1 a incrementar, cada vez mais, os investimentos que a cidade precisa para seguir sendo um lugar de desenvolvimento \u201c, declarou.<\/p>\n<p>O prefeito ainda destacou que a parceria firmada com Jo\u00e3o Azevedo \u201cunir\u00e1 for\u00e7as em prol do desenvolvimento de nossa cidade e da Para\u00edba\u201d. Ele revelou que um dos pontos acordados \u00e9 que o Governo do Estado ajudar\u00e1 na manuten\u00e7\u00e3o do Hospital Infantil e do Centro de Hemodi\u00e1lise \u2013 ambos em constru\u00e7\u00e3o em Santa Rita pela gest\u00e3o municipal.<\/p>\n<p><strong>Converg\u00eancia<\/strong><\/p>\n<p>O an\u00fancio de apoio ocorre depois de reuni\u00e3o mantida por Emerson Panta e Dra Jane com o governador, na qual Jo\u00e3o Azevedo se comprometeu em deixar legado de investimentos em obras e servi\u00e7os para os santa-ritenses.<\/p>\n<p>\u201cEssa parceria nasce com um foco claro: ampliar a parceria entre gest\u00e3o municipal e gest\u00e3o estadual para fortalecer os investimentos em Santa Rita, viabilizando obras com potencial para ajudar os que mais precisam e acelerar a constru\u00e7\u00e3o de uma cidade mais moderna e mais justa socialmente \u201c, declarou Emerson Panta.<\/p>\n<p>\u201cA raz\u00e3o que nos levou a abra\u00e7ar a candidatura a reelei\u00e7\u00e3o \u00e9 solidificar a parceria para o desenvolvimento de Santa Rita \u201c, reiterou Dra Jane. \u201cS\u00e3o os santa-ritenses que ganham com essa uni\u00e3o\u201d, finalizou.<\/p>\n","protected":false},"excerpt":{"rendered":"<p>O prefeito de Santa Rita, Emerson Panta, e a deputada estadual Dra Jane Panta, anunciaram hoje apoio a candidatura a reelei\u00e7\u00e3o do governador Jo\u00e3o Azevedo.&hellip; <\/p>\n","protected":false},"author":6,"featured_media":255664,"comment_status":"closed","ping_status":"closed","sticky":false,"template":"","format":"standard","meta":{"sfsi_plus_gutenberg_text_before_share":"","sfsi_plus_gutenberg_show_text_before_share":"","sfsi_plus_gutenberg_icon_type":"","sfsi_plus_gutenberg_icon_alignemt":"","sfsi_plus_gutenburg_max_per_row":"","footnotes":""},"categories":[104,11],"tags":[],"class_list":["post-255663","post","type-post","status-publish","format-standard","has-post-thumbnail","hentry","category-paraiba","category-politica"],"_links":{"self":[{"href":"https:\/\/www.caririemacao.com\/1\/wp-json\/wp\/v2\/posts\/255663","targetHints":{"allow":["GET"]}}],"collection":[{"href":"https:\/\/www.caririemacao.com\/1\/wp-json\/wp\/v2\/posts"}],"about":[{"href":"https:\/\/www.caririemacao.com\/1\/wp-json\/wp\/v2\/types\/post"}],"author":[{"embeddable":true,"href":"https:\/\/www.caririemacao.com\/1\/wp-json\/wp\/v2\/users\/6"}],"replies":[{"embeddable":true,"href":"https:\/\/www.caririemacao.com\/1\/wp-json\/wp\/v2\/comments?post=255663"}],"version-history":[{"count":1,"href":"https:\/\/www.caririemacao.com\/1\/wp-json\/wp\/v2\/posts\/255663\/revisions"}],"predecessor-version":[{"id":255665,"href":"https:\/\/www.caririemacao.com\/1\/wp-json\/wp\/v2\/posts\/255663\/revisions\/255665"}],"wp:featuredmedia":[{"embeddable":true,"href":"https:\/\/www.caririemacao.com\/1\/wp-json\/wp\/v2\/media\/255664"}],"wp:attachment":[{"href":"https:\/\/www.caririemacao.com\/1\/wp-json\/wp\/v2\/media?parent=255663"}],"wp:term":[{"taxonomy":"category","embeddable":true,"href":"https:\/\/www.caririemacao.com\/1\/wp-json\/wp\/v2\/categories?post=255663"},{"taxonomy":"post_tag","embeddable":true,"href":"https:\/\/www.caririemacao.com\/1\/wp-json\/wp\/v2\/tags?post=255663"}],"curies":[{"name":"wp","href":"https:\/\/api.w.org\/{rel}","templated":true}]}}