{"id":255666,"date":"2022-08-30T15:41:38","date_gmt":"2022-08-30T18:41:38","guid":{"rendered":"https:\/\/www.caririemacao.com\/1\/?p=255666"},"modified":"2022-08-30T15:41:48","modified_gmt":"2022-08-30T18:41:48","slug":"255666","status":"publish","type":"post","link":"https:\/\/www.caririemacao.com\/1\/2022\/08\/30\/255666\/","title":{"rendered":"Veneziano chama de \u2018choradeira\u2019 a\u00e7\u00e3o de governadores contra lei que altera ICMS"},"content":{"rendered":"<p>O candidato ao Governo da Para\u00edba, Veneziano Vital do R\u00eago (MDB) avaliou como \u201cchoradeira\u201d dos gestores estaduais a a\u00e7\u00e3o movida no Superior Tribunal Federal (STF) contra a lei que que limita a tarifa do Imposto sobre Circula\u00e7\u00e3o de Mercadorias e Servi\u00e7os (ICMS) incidente sobre produtos essenciais. Esse \u00e9 o mesmo tom usado pelo presidente Jair Bolsonaro (PL) e aliados que fazem oposi\u00e7\u00e3o a gestores estaduais do Nordeste.<\/p>\n<p>Durante sabatina realizada na manh\u00e3 desta ter\u00e7a-feira, na C\u00e2mara Municipal de Jo\u00e3o Pessoa (CMJP), o emedebista disse que, caso seja eleito, pretende renunciar \u00e0 a\u00e7\u00e3o.<\/p>\n<p>\u201cEssa choradeira dos governadores n\u00e3o \u00e9 pertinente porque ele omite o que arrecadou durante dois anos e meio, porque n\u00e3o faz a convers\u00e3o do que arrecadou e a recomposi\u00e7\u00e3o prevista constitucionalmente\u201d, avaliou Veneziano.\u00a0O candidato, que votou favor\u00e1vel ao texto no Congresso na condi\u00e7\u00e3o de senador, destacou que o texto prev\u00ea as recomposi\u00e7\u00f5es.<\/p>\n<p>\u201cO governo do estado s\u00f3 pensa em arrecadar, n\u00e3o menciona os R$ 3,2 bilh\u00f5es (arrecadados). Evidentemente tem uma perda, mas n\u00e3o foi dito pelos gestores que foram ao STF (e vamos renunciar a esse instrumento porque vamos manter os 17% (da al\u00edquota) que constitucionalmente n\u00f3s congressistas votamos) que fizemos quest\u00e3o da recomposi\u00e7\u00e3o das perdas aos estados que comprovarem t\u00ea-las tido\u201d, acrescentou.<\/p>\n<p><strong>A\u00e7\u00e3o<\/strong><\/p>\n<p>A Lei Complementar 192\/2022 estabeleceu os combust\u00edveis \u2013 incluindo diesel, gasolina e g\u00e1s natural \u2013, a energia el\u00e9trica, as comunica\u00e7\u00f5es e os transportes coletivos como itens essenciais \u201cpara fins de tributa\u00e7\u00e3o\u201d. Com isso, os estados e o Distrito Federal ficaram impedidos de cobrar mais de 17% ou 18% de ICMS sobre esses bens e servi\u00e7os.<\/p>\n<p>A a\u00e7\u00e3o aberta pelos governadores pede uma liminar (decis\u00e3o provis\u00f3ria) para suspender a lei, que dizem ser inconstitucional. Entre outros pontos, eles argumentam que as unidades da federa\u00e7\u00e3o t\u00eam autonomia na fixa\u00e7\u00e3o de al\u00edquotas tribut\u00e1rias.<\/p>\n","protected":false},"excerpt":{"rendered":"<p>O candidato ao Governo da Para\u00edba, Veneziano Vital do R\u00eago (MDB) avaliou como \u201cchoradeira\u201d dos gestores estaduais a a\u00e7\u00e3o movida no Superior Tribunal Federal (STF)&hellip; <\/p>\n","protected":false},"author":6,"featured_media":255667,"comment_status":"closed","ping_status":"closed","sticky":false,"template":"","format":"standard","meta":{"sfsi_plus_gutenberg_text_before_share":"","sfsi_plus_gutenberg_show_text_before_share":"","sfsi_plus_gutenberg_icon_type":"","sfsi_plus_gutenberg_icon_alignemt":"","sfsi_plus_gutenburg_max_per_row":"","footnotes":""},"categories":[104],"tags":[],"class_list":["post-255666","post","type-post","status-publish","format-standard","has-post-thumbnail","hentry","category-paraiba"],"_links":{"self":[{"href":"https:\/\/www.caririemacao.com\/1\/wp-json\/wp\/v2\/posts\/255666","targetHints":{"allow":["GET"]}}],"collection":[{"href":"https:\/\/www.caririemacao.com\/1\/wp-json\/wp\/v2\/posts"}],"about":[{"href":"https:\/\/www.caririemacao.com\/1\/wp-json\/wp\/v2\/types\/post"}],"author":[{"embeddable":true,"href":"https:\/\/www.caririemacao.com\/1\/wp-json\/wp\/v2\/users\/6"}],"replies":[{"embeddable":true,"href":"https:\/\/www.caririemacao.com\/1\/wp-json\/wp\/v2\/comments?post=255666"}],"version-history":[{"count":2,"href":"https:\/\/www.caririemacao.com\/1\/wp-json\/wp\/v2\/posts\/255666\/revisions"}],"predecessor-version":[{"id":255669,"href":"https:\/\/www.caririemacao.com\/1\/wp-json\/wp\/v2\/posts\/255666\/revisions\/255669"}],"wp:featuredmedia":[{"embeddable":true,"href":"https:\/\/www.caririemacao.com\/1\/wp-json\/wp\/v2\/media\/255667"}],"wp:attachment":[{"href":"https:\/\/www.caririemacao.com\/1\/wp-json\/wp\/v2\/media?parent=255666"}],"wp:term":[{"taxonomy":"category","embeddable":true,"href":"https:\/\/www.caririemacao.com\/1\/wp-json\/wp\/v2\/categories?post=255666"},{"taxonomy":"post_tag","embeddable":true,"href":"https:\/\/www.caririemacao.com\/1\/wp-json\/wp\/v2\/tags?post=255666"}],"curies":[{"name":"wp","href":"https:\/\/api.w.org\/{rel}","templated":true}]}}