{"id":255670,"date":"2022-08-30T15:42:35","date_gmt":"2022-08-30T18:42:35","guid":{"rendered":"https:\/\/www.caririemacao.com\/1\/?p=255670"},"modified":"2022-08-30T15:42:35","modified_gmt":"2022-08-30T18:42:35","slug":"estado-paga-salario-de-agosto-dos-servidores-nesta-terca-e-quarta","status":"publish","type":"post","link":"https:\/\/www.caririemacao.com\/1\/2022\/08\/30\/estado-paga-salario-de-agosto-dos-servidores-nesta-terca-e-quarta\/","title":{"rendered":"Estado paga sal\u00e1rio de agosto dos servidores nesta ter\u00e7a e quarta"},"content":{"rendered":"<p>Come\u00e7ou, nesta ter\u00e7a-feira (30), o pagamento do funcionalismo p\u00fablico estadual, referente ao m\u00eas de agosto. Neste primeiro dia, recebem os aposentados, pensionistas e reformados.<\/p>\n<p>O pagamento ser\u00e1 encerrado nesta quarta-feira (31), quando recebem os servidores da ativa, incluindo Administra\u00e7\u00e3o Direta e Indireta.<\/p>\n<p>Calend\u00e1rio de pagamento de agosto:<br \/>\n<strong>30\/8 \u2013<\/strong>\u00a0aposentados, pensionistas e reformados<br \/>\n<strong>31\/8 \u2013<\/strong>\u00a0servidores da ativa (Administra\u00e7\u00e3o Direta e Indireta)<\/p>\n","protected":false},"excerpt":{"rendered":"<p>Come\u00e7ou, nesta ter\u00e7a-feira (30), o pagamento do funcionalismo p\u00fablico estadual, referente ao m\u00eas de agosto. Neste primeiro dia, recebem os aposentados, pensionistas e reformados. O&hellip; <\/p>\n","protected":false},"author":6,"featured_media":252785,"comment_status":"closed","ping_status":"closed","sticky":false,"template":"","format":"standard","meta":{"sfsi_plus_gutenberg_text_before_share":"","sfsi_plus_gutenberg_show_text_before_share":"","sfsi_plus_gutenberg_icon_type":"","sfsi_plus_gutenberg_icon_alignemt":"","sfsi_plus_gutenburg_max_per_row":"","footnotes":""},"categories":[104],"tags":[],"class_list":["post-255670","post","type-post","status-publish","format-standard","has-post-thumbnail","hentry","category-paraiba"],"_links":{"self":[{"href":"https:\/\/www.caririemacao.com\/1\/wp-json\/wp\/v2\/posts\/255670","targetHints":{"allow":["GET"]}}],"collection":[{"href":"https:\/\/www.caririemacao.com\/1\/wp-json\/wp\/v2\/posts"}],"about":[{"href":"https:\/\/www.caririemacao.com\/1\/wp-json\/wp\/v2\/types\/post"}],"author":[{"embeddable":true,"href":"https:\/\/www.caririemacao.com\/1\/wp-json\/wp\/v2\/users\/6"}],"replies":[{"embeddable":true,"href":"https:\/\/www.caririemacao.com\/1\/wp-json\/wp\/v2\/comments?post=255670"}],"version-history":[{"count":1,"href":"https:\/\/www.caririemacao.com\/1\/wp-json\/wp\/v2\/posts\/255670\/revisions"}],"predecessor-version":[{"id":255671,"href":"https:\/\/www.caririemacao.com\/1\/wp-json\/wp\/v2\/posts\/255670\/revisions\/255671"}],"wp:featuredmedia":[{"embeddable":true,"href":"https:\/\/www.caririemacao.com\/1\/wp-json\/wp\/v2\/media\/252785"}],"wp:attachment":[{"href":"https:\/\/www.caririemacao.com\/1\/wp-json\/wp\/v2\/media?parent=255670"}],"wp:term":[{"taxonomy":"category","embeddable":true,"href":"https:\/\/www.caririemacao.com\/1\/wp-json\/wp\/v2\/categories?post=255670"},{"taxonomy":"post_tag","embeddable":true,"href":"https:\/\/www.caririemacao.com\/1\/wp-json\/wp\/v2\/tags?post=255670"}],"curies":[{"name":"wp","href":"https:\/\/api.w.org\/{rel}","templated":true}]}}