{"id":255672,"date":"2022-08-30T15:45:31","date_gmt":"2022-08-30T18:45:31","guid":{"rendered":"https:\/\/www.caririemacao.com\/1\/?p=255672"},"modified":"2022-08-30T15:45:31","modified_gmt":"2022-08-30T18:45:31","slug":"efraim-pretende-concluir-o-hospital-da-mulher-e-levar-uma-filial-da-rede-sarah-kubitschek-para-a-paraiba","status":"publish","type":"post","link":"https:\/\/www.caririemacao.com\/1\/2022\/08\/30\/efraim-pretende-concluir-o-hospital-da-mulher-e-levar-uma-filial-da-rede-sarah-kubitschek-para-a-paraiba\/","title":{"rendered":"Efraim pretende concluir o Hospital da Mulher e levar uma filial da Rede Sarah Kubitschek para a Para\u00edba"},"content":{"rendered":"<p>Em entrevista na R\u00e1dio CBN nesta manh\u00e3 de ter\u00e7a-feira (30), o candidato ao Senado Federal, Efraim Filho (Uni\u00e3o Brasil), respondeu \u00e0s perguntas sobre seus planos para o futuro em um cen\u00e1rio de vit\u00f3ria nas pr\u00f3ximas elei\u00e7\u00f5es. Entre os assuntos abordados est\u00e1 a sa\u00fade, grande prioridade do parlamentar. Os paraibanos puderam finalmente ter a perspectiva de receber uma filial da Rede Sarah Kubitschek de Reabilita\u00e7\u00e3o no Estado.<\/p>\n<p>O projeto \u00e9 um sonho antigo do deputado junto ao candidato raro, Patrick Dorneles (PSD), e vai levar \u00e0 Para\u00edba um hospital refer\u00eancia em doen\u00e7as raras. Tamb\u00e9m est\u00e1 nos planos do parlamentar a conclus\u00e3o do Hospital da Mulher, que j\u00e1 teve sua constru\u00e7\u00e3o iniciada. \u201cNo Senado, a pauta da sa\u00fade ainda ser\u00e1 prioridade. Vamos trazer o Sarah Kubitschek e garantir recursos para o Hospital da Mulher\u201d, afirmou Efraim.<\/p>\n<p>Demais assuntos abordados na sabatina foram as reformas administrativa e tribut\u00e1ria, a gera\u00e7\u00e3o de emprego, a conquista do campus IFPB voltado para a educa\u00e7\u00e3o dos paraibanos e a voca\u00e7\u00e3o econ\u00f4mica com as energias renov\u00e1veis. \u201cEstamos tirando do sol e do vento uma parte do desenvolvimento da Para\u00edba, principalmente para o interior. \u00c9 mais uma forma de conseguir oportunidades para a popula\u00e7\u00e3o\u201d, finaliza.<\/p>\n","protected":false},"excerpt":{"rendered":"<p>Em entrevista na R\u00e1dio CBN nesta manh\u00e3 de ter\u00e7a-feira (30), o candidato ao Senado Federal, Efraim Filho (Uni\u00e3o Brasil), respondeu \u00e0s perguntas sobre seus planos&hellip; <\/p>\n","protected":false},"author":6,"featured_media":255673,"comment_status":"closed","ping_status":"closed","sticky":false,"template":"","format":"standard","meta":{"sfsi_plus_gutenberg_text_before_share":"","sfsi_plus_gutenberg_show_text_before_share":"","sfsi_plus_gutenberg_icon_type":"","sfsi_plus_gutenberg_icon_alignemt":"","sfsi_plus_gutenburg_max_per_row":"","footnotes":""},"categories":[104],"tags":[],"class_list":["post-255672","post","type-post","status-publish","format-standard","has-post-thumbnail","hentry","category-paraiba"],"_links":{"self":[{"href":"https:\/\/www.caririemacao.com\/1\/wp-json\/wp\/v2\/posts\/255672","targetHints":{"allow":["GET"]}}],"collection":[{"href":"https:\/\/www.caririemacao.com\/1\/wp-json\/wp\/v2\/posts"}],"about":[{"href":"https:\/\/www.caririemacao.com\/1\/wp-json\/wp\/v2\/types\/post"}],"author":[{"embeddable":true,"href":"https:\/\/www.caririemacao.com\/1\/wp-json\/wp\/v2\/users\/6"}],"replies":[{"embeddable":true,"href":"https:\/\/www.caririemacao.com\/1\/wp-json\/wp\/v2\/comments?post=255672"}],"version-history":[{"count":1,"href":"https:\/\/www.caririemacao.com\/1\/wp-json\/wp\/v2\/posts\/255672\/revisions"}],"predecessor-version":[{"id":255674,"href":"https:\/\/www.caririemacao.com\/1\/wp-json\/wp\/v2\/posts\/255672\/revisions\/255674"}],"wp:featuredmedia":[{"embeddable":true,"href":"https:\/\/www.caririemacao.com\/1\/wp-json\/wp\/v2\/media\/255673"}],"wp:attachment":[{"href":"https:\/\/www.caririemacao.com\/1\/wp-json\/wp\/v2\/media?parent=255672"}],"wp:term":[{"taxonomy":"category","embeddable":true,"href":"https:\/\/www.caririemacao.com\/1\/wp-json\/wp\/v2\/categories?post=255672"},{"taxonomy":"post_tag","embeddable":true,"href":"https:\/\/www.caririemacao.com\/1\/wp-json\/wp\/v2\/tags?post=255672"}],"curies":[{"name":"wp","href":"https:\/\/api.w.org\/{rel}","templated":true}]}}