{"id":255678,"date":"2022-08-30T15:54:16","date_gmt":"2022-08-30T18:54:16","guid":{"rendered":"https:\/\/www.caririemacao.com\/1\/?p=255678"},"modified":"2022-08-30T15:54:16","modified_gmt":"2022-08-30T18:54:16","slug":"dr-ramonilson-propoe-a-construcao-de-centros-de-convivencia-para-idosos-no-sertao-e-cariri-da-paraiba","status":"publish","type":"post","link":"https:\/\/www.caririemacao.com\/1\/2022\/08\/30\/dr-ramonilson-propoe-a-construcao-de-centros-de-convivencia-para-idosos-no-sertao-e-cariri-da-paraiba\/","title":{"rendered":"Dr. Ramonilson prop\u00f5e a constru\u00e7\u00e3o de Centros de conviv\u00eancia para idosos no Sert\u00e3o e Cariri da Para\u00edba"},"content":{"rendered":"<p>Em entrevista \u00e0 imprensa sertaneja na manh\u00e3 desta ter\u00e7a-feira, 30 de agosto, Dr. Ramonilson defendeu a constru\u00e7\u00e3o de Centros de conviv\u00eancia pra idosos nas regi\u00f5es do Sert\u00e3o e Cariri da Para\u00edba.<\/p>\n<p>Ainda segundo o juiz aposentado, os referidos espa\u00e7os tem o potencial de oportunizar atividades culturais, esportivas e educacionais, fomentando a socializa\u00e7\u00e3o e a cidadania, al\u00e9m de uma frut\u00edfera conviv\u00eancia comunit\u00e1ria.<\/p>\n<p>\u201cInfelizmente, n\u00e3o contamos com grandes equipamentos que viabilizem a intera\u00e7\u00e3o entre nossos idosos, t\u00e3o essenciais para a qualidade de vida e na preven\u00e7\u00e3o de doen\u00e7as psicol\u00f3gicas. Nossa proposta \u00e9 que sejam constru\u00eddos 05 Centros de conviv\u00eancia, a partir do comprometimento das emendas impositivas de nossos Parlamentares do Sert\u00e3o e do Cariri em parceria com o Governo do Estado\u201d, destacou.<\/p>\n<p>A Para\u00edba conta com uma popula\u00e7\u00e3o de mais de 600 mil idosos, totalizando 13, 53%, sendo um dos 10 estados com maior percentual de pessoas acima de 60 anos no Brasil.<\/p>\n","protected":false},"excerpt":{"rendered":"<p>Em entrevista \u00e0 imprensa sertaneja na manh\u00e3 desta ter\u00e7a-feira, 30 de agosto, Dr. Ramonilson defendeu a constru\u00e7\u00e3o de Centros de conviv\u00eancia pra idosos nas regi\u00f5es&hellip; <\/p>\n","protected":false},"author":6,"featured_media":255679,"comment_status":"closed","ping_status":"closed","sticky":false,"template":"","format":"standard","meta":{"sfsi_plus_gutenberg_text_before_share":"","sfsi_plus_gutenberg_show_text_before_share":"","sfsi_plus_gutenberg_icon_type":"","sfsi_plus_gutenberg_icon_alignemt":"","sfsi_plus_gutenburg_max_per_row":"","footnotes":""},"categories":[106],"tags":[],"class_list":["post-255678","post","type-post","status-publish","format-standard","has-post-thumbnail","hentry","category-cariri"],"_links":{"self":[{"href":"https:\/\/www.caririemacao.com\/1\/wp-json\/wp\/v2\/posts\/255678","targetHints":{"allow":["GET"]}}],"collection":[{"href":"https:\/\/www.caririemacao.com\/1\/wp-json\/wp\/v2\/posts"}],"about":[{"href":"https:\/\/www.caririemacao.com\/1\/wp-json\/wp\/v2\/types\/post"}],"author":[{"embeddable":true,"href":"https:\/\/www.caririemacao.com\/1\/wp-json\/wp\/v2\/users\/6"}],"replies":[{"embeddable":true,"href":"https:\/\/www.caririemacao.com\/1\/wp-json\/wp\/v2\/comments?post=255678"}],"version-history":[{"count":1,"href":"https:\/\/www.caririemacao.com\/1\/wp-json\/wp\/v2\/posts\/255678\/revisions"}],"predecessor-version":[{"id":255680,"href":"https:\/\/www.caririemacao.com\/1\/wp-json\/wp\/v2\/posts\/255678\/revisions\/255680"}],"wp:featuredmedia":[{"embeddable":true,"href":"https:\/\/www.caririemacao.com\/1\/wp-json\/wp\/v2\/media\/255679"}],"wp:attachment":[{"href":"https:\/\/www.caririemacao.com\/1\/wp-json\/wp\/v2\/media?parent=255678"}],"wp:term":[{"taxonomy":"category","embeddable":true,"href":"https:\/\/www.caririemacao.com\/1\/wp-json\/wp\/v2\/categories?post=255678"},{"taxonomy":"post_tag","embeddable":true,"href":"https:\/\/www.caririemacao.com\/1\/wp-json\/wp\/v2\/tags?post=255678"}],"curies":[{"name":"wp","href":"https:\/\/api.w.org\/{rel}","templated":true}]}}